{"id":623,"date":"2008-11-13T18:01:00","date_gmt":"2008-11-13T17:01:00","guid":{"rendered":"http:\/\/www.cdlpv.org\/dtl\/?p=623"},"modified":"2008-11-13T18:01:00","modified_gmt":"2008-11-13T17:01:00","slug":"el-diccionari-de-les-ciencies-ambientals-de-liec-en-el-multicerca","status":"publish","type":"post","link":"https:\/\/www.cdlpv.org\/dtl\/2008\/11\/13\/el-diccionari-de-les-ciencies-ambientals-de-liec-en-el-multicerca\/","title":{"rendered":"El Diccionari de les ci\u00e8ncies ambientals de l&#8217;IEC en el Multicerca"},"content":{"rendered":"<p>L&#8217;Institut d&#8217;Estudis Catalans ens envia el missatge informatiu seg\u00fcent:<\/p>\n<blockquote><p>\nUs passem aquesta informaci\u00f3 perqu\u00e8, si ho creieu convenient, en feu difusi\u00f3 i l\u2019inclogueu en els vostres repertoris lexicogr\u00e0fics i terminol\u00f2gics.<\/p>\n<p>Aquest diccionari, elaborat per l\u2019Institut d\u2019Estudis Catalans, cont\u00e9 m\u00e9s de 6600 termes en catal\u00e0 amb definici\u00f3, informaci\u00f3 enciclop\u00e8dica i equival\u00e8ncies en angl\u00e8s, franc\u00e8s i espanyol. Tamb\u00e9 inclou lleis i normatives, institucions jur\u00eddiques vigents i pertinents per a l&#8217;\u00e0mbit catal\u00e0, estatal i europeu, aix\u00ed com tamb\u00e9 noms propis de localitats o d&#8217;instal\u00b7lacions en qu\u00e8 s&#8217;ha esdevingut un accident amb conseq\u00fc\u00e8ncies ambientals.<\/p>\n<p>Els termes del diccionari fan refer\u00e8ncia al medi en els aspectes cient\u00edfics, professionals, docents, de gesti\u00f3, administratius, i d&#8217;\u00fas com\u00fa. \u00c9s, per tant, un diccionari adre\u00e7at a un p\u00fablic molt ampli i procedent de disciplines molt diverses.<\/p>\n<p>El podeu consultar a <a href=\"http:\/\/cit.iec.cat\/dca\" target=\"_blank\">http:\/\/cit.iec.cat\/dca<\/a>\n<\/p><\/blockquote>\n<p>A m\u00e9s, hem incorporat tamb\u00e9 el diccionari en el <a href=\"http:\/\/www.geocities.com\/golls.geo\/Multicerca\/entorn.htm\" target=\"_blank\">Multicerca<\/a> (9.3).<\/p>\n","protected":false},"excerpt":{"rendered":"<p>L&#8217;Institut d&#8217;Estudis Catalans ens envia el missatge informatiu seg\u00fcent: Us passem aquesta informaci\u00f3 perqu\u00e8, si ho creieu convenient, en feu difusi\u00f3 i l\u2019inclogueu en els vostres repertoris lexicogr\u00e0fics i terminol\u00f2gics. Aquest diccionari, elaborat per l\u2019Institut d\u2019Estudis Catalans, cont\u00e9 m\u00e9s de 6600 termes en catal\u00e0 amb definici\u00f3, informaci\u00f3 enciclop\u00e8dica i equival\u00e8ncies en angl\u00e8s, franc\u00e8s i espanyol. [&hellip;]<\/p>\n","protected":false},"author":2,"featured_media":0,"comment_status":"open","ping_status":"open","sticky":false,"template":"","format":"standard","meta":{"footnotes":""},"categories":[2,1,46,17],"tags":[144,321],"class_list":["post-623","post","type-post","status-publish","format-standard","hentry","category-comunicacio","category-general","category-iec","category-normativa","tag-diccionaris","tag-multicerca"],"_links":{"self":[{"href":"https:\/\/www.cdlpv.org\/dtl\/wp-json\/wp\/v2\/posts\/623","targetHints":{"allow":["GET"]}}],"collection":[{"href":"https:\/\/www.cdlpv.org\/dtl\/wp-json\/wp\/v2\/posts"}],"about":[{"href":"https:\/\/www.cdlpv.org\/dtl\/wp-json\/wp\/v2\/types\/post"}],"author":[{"embeddable":true,"href":"https:\/\/www.cdlpv.org\/dtl\/wp-json\/wp\/v2\/users\/2"}],"replies":[{"embeddable":true,"href":"https:\/\/www.cdlpv.org\/dtl\/wp-json\/wp\/v2\/comments?post=623"}],"version-history":[{"count":0,"href":"https:\/\/www.cdlpv.org\/dtl\/wp-json\/wp\/v2\/posts\/623\/revisions"}],"wp:attachment":[{"href":"https:\/\/www.cdlpv.org\/dtl\/wp-json\/wp\/v2\/media?parent=623"}],"wp:term":[{"taxonomy":"category","embeddable":true,"href":"https:\/\/www.cdlpv.org\/dtl\/wp-json\/wp\/v2\/categories?post=623"},{"taxonomy":"post_tag","embeddable":true,"href":"https:\/\/www.cdlpv.org\/dtl\/wp-json\/wp\/v2\/tags?post=623"}],"curies":[{"name":"wp","href":"https:\/\/api.w.org\/{rel}","templated":true}]}}