{"id":62,"date":"2007-04-25T12:34:33","date_gmt":"2007-04-25T11:34:33","guid":{"rendered":"http:\/\/www.cdlpv.org\/dtl\/?p=62"},"modified":"2007-04-25T12:34:33","modified_gmt":"2007-04-25T11:34:33","slug":"declaracio-institucional-de-lavl-frankfurt-i-fundacio-bromera","status":"publish","type":"post","link":"https:\/\/www.cdlpv.org\/dtl\/2007\/04\/25\/declaracio-institucional-de-lavl-frankfurt-i-fundacio-bromera\/","title":{"rendered":"Declaraci\u00f3 institucional de l&#8217;AVL, Frankfurt i Fundaci\u00f3 Bromera"},"content":{"rendered":"<p>Adjuntem a continuaci\u00f3 una declaraci\u00f3 institucional de l&#8217;AVL (aprovada fa uns dies; no n&#8217;indiquen la data). Cal assenyalar, a m\u00e9s de la motivaci\u00f3 purament \u00abpatri\u00f2tica\u00bb, que l&#8217;AVL participar\u00e0 amb els editors en la fira del llibre de Frankfurt, dedicada a la \u00abcultura catalana\u00bb, tret que han considerat que ens afectava ling\u00fc\u00edsticament, reflexi\u00f3 que no est\u00e0 gens malament. I, finalment, la col\u00b7laboraci\u00f3 amb la Fundaci\u00f3 Bromera ens permet pensar que potser els moderns desapareixeran, per\u00f2 els cl\u00e0ssics tenen encara alguna ocasi\u00f3 de traure el cap. \u00c9s clar que&#8230; \u00abtot \u00e9s possible\u00bb!<\/p>\n<blockquote>\n<h2>L&#8217;AVL aprova una declaraci\u00f3 amb motiu del 300 aniversri de la Batalla d&#8217;Almansa<\/h2>\n<p>El Ple de l&#8217;Acad\u00e8mia Valenciana de la Llengua ha aprovat hui per unanimitat una declaraci\u00f3 institucional amb motiu del 300 aniversari de la Batalla d&#8217;Almansa. A m\u00e9s, l&#8217;Acad\u00e8mia tamb\u00e9 ha aprovat una l\u00ednia de subvenci\u00f3 dirigida a l&#8217;Associaci\u00f3 d&#8217;Editors, per a promocionar la pres\u00e8ncia del llibre valenci\u00e0 en la pr\u00f2xima Fira de Frankfurt.<\/p>\n<p>El text de la declaraci\u00f3 institucional de l&#8217;AVL ha quedat aprovat en estos termes:<\/p>\n<p>\u00abL&#8217;Acad\u00e8mia Valenciana de la Llengua, en compliment de la seua Llei de Creaci\u00f3 i del seu deure de vetlar per l&#8217;\u00fas normal del valenci\u00e0, i conscient de la transcend\u00e8ncia negativa que per al poble valenci\u00e0 tingu\u00e9 la Batalla d&#8217;Almansa i el posterior Decret de Nova Planta, en la mesura que comport\u00e0 la supressi\u00f3 de les institucions pr\u00f2pies i de l&#8217;\u00fas oficial del valenci\u00e0, insta el Consell de la Generalitat i les Corts a dur a terme totes les possibilitats de promoci\u00f3 de la llengua que preveu l&#8217;Estatut d&#8217;Autonomia (2006), aix\u00ed com la Llei d&#8217;\u00das i Ensenyament del Valenci\u00e0 (1983), la Llei de Creaci\u00f3 de l&#8217;Entitat P\u00fablica Radiotelevisi\u00f3 Valenciana (RTVV) (1984) i el Pacte pel Valenci\u00e0 subscrit pels partits majoritaris en l&#8217;any 2001.<\/p>\n<p>Aix\u00ed mateix, fa una crida a totes les institucions p\u00fabliques i privades, i a la societat en general, perqu\u00e8 es comprometen, de manera conjunta i amb voluntat ferma i decidida, a potenciar l&#8217;\u00fas del valenci\u00e0 com a llengua pr\u00f2pia, com a vehicle habitual de comunicaci\u00f3 i cultura, i com a instrument de conviv\u00e8ncia del nostre poble.\u00bb<\/p>\n<p>Igualment, l&#8217;Acad\u00e8mia tamb\u00e9 ha aprovat el nou conveni de col\u00b7laboraci\u00f3 amb la Universitat d&#8217;Alacant, dins del Projecte Institucional de Recerca (IVITRA), destinat a l&#8217;organitzaci\u00f3 de cursos i seminaris sobre llengua, literatura i cultura valenciana; a l&#8217;edici\u00f3, digitalitzaci\u00f3 i traduccions d&#8217;obres d&#8217;escriptors valencians, i a programes sobre multiling\u00fcisme i traducci\u00f3 a Europa.<\/p>\n<p>D&#8217;altra banda, el Ple de l&#8217;AVL ha habilitat una l\u00ednia de subvenci\u00f3 per a destinar 30.000 euros a l&#8217;Associaci\u00f3 d&#8217;Editors del Pa\u00eds Valenci\u00e0 amb la finalitat de fer visible i refor\u00e7ar la internacionalitzaci\u00f3 del llibre i la cultura valenciana en la pr\u00f2xima Fira de Frankfurt. L&#8217;Acad\u00e8mia, d&#8217;esta forma, donar\u00e0 suport al llibre valenci\u00e0 i als editors en este important certamen cultural.<\/p>\n<p>Finalment, l&#8217;AVL tornar\u00e0 a col\u00b7laborar amb la Fundaci\u00f3 Bromera en la promoci\u00f3 de la lectura en valenci\u00e0 amb una nova campanya titulada \u00abLlegir en valenci\u00e0, els nostres cl\u00e0ssics\u00bb, a trav\u00e9s de diversos mitjans de comunicaci\u00f3 que s&#8217;encarregaran de la difusi\u00f3 de les obres. L&#8217;aportaci\u00f3 de l&#8217;AVL a esta iniciativa de la Fundaci\u00f3 Bromera ser\u00e0 de 20.000 euros.\n<\/p><\/blockquote>\n","protected":false},"excerpt":{"rendered":"<p>Adjuntem a continuaci\u00f3 una declaraci\u00f3 institucional de l&#8217;AVL (aprovada fa uns dies; no n&#8217;indiquen la data). Cal assenyalar, a m\u00e9s de la motivaci\u00f3 purament \u00abpatri\u00f2tica\u00bb, que l&#8217;AVL participar\u00e0 amb els editors en la fira del llibre de Frankfurt, dedicada a la \u00abcultura catalana\u00bb, tret que han considerat que ens afectava ling\u00fc\u00edsticament, reflexi\u00f3 que no est\u00e0 [&hellip;]<\/p>\n","protected":false},"author":2,"featured_media":0,"comment_status":"open","ping_status":"open","sticky":false,"template":"","format":"standard","meta":{"footnotes":""},"categories":[38,1,47],"tags":[],"class_list":["post-62","post","type-post","status-publish","format-standard","hentry","category-avl","category-general","category-planificacio"],"_links":{"self":[{"href":"https:\/\/www.cdlpv.org\/dtl\/wp-json\/wp\/v2\/posts\/62","targetHints":{"allow":["GET"]}}],"collection":[{"href":"https:\/\/www.cdlpv.org\/dtl\/wp-json\/wp\/v2\/posts"}],"about":[{"href":"https:\/\/www.cdlpv.org\/dtl\/wp-json\/wp\/v2\/types\/post"}],"author":[{"embeddable":true,"href":"https:\/\/www.cdlpv.org\/dtl\/wp-json\/wp\/v2\/users\/2"}],"replies":[{"embeddable":true,"href":"https:\/\/www.cdlpv.org\/dtl\/wp-json\/wp\/v2\/comments?post=62"}],"version-history":[{"count":0,"href":"https:\/\/www.cdlpv.org\/dtl\/wp-json\/wp\/v2\/posts\/62\/revisions"}],"wp:attachment":[{"href":"https:\/\/www.cdlpv.org\/dtl\/wp-json\/wp\/v2\/media?parent=62"}],"wp:term":[{"taxonomy":"category","embeddable":true,"href":"https:\/\/www.cdlpv.org\/dtl\/wp-json\/wp\/v2\/categories?post=62"},{"taxonomy":"post_tag","embeddable":true,"href":"https:\/\/www.cdlpv.org\/dtl\/wp-json\/wp\/v2\/tags?post=62"}],"curies":[{"name":"wp","href":"https:\/\/api.w.org\/{rel}","templated":true}]}}