{"id":611,"date":"2008-11-10T19:05:58","date_gmt":"2008-11-10T18:05:58","guid":{"rendered":"http:\/\/www.cdlpv.org\/dtl\/?p=611"},"modified":"2008-11-10T19:05:58","modified_gmt":"2008-11-10T18:05:58","slug":"el-marc-legal-catala-i-frances","status":"publish","type":"post","link":"https:\/\/www.cdlpv.org\/dtl\/2008\/11\/10\/el-marc-legal-catala-i-frances\/","title":{"rendered":"El marc legal catal\u00e0 i franc\u00e9s"},"content":{"rendered":"<p>Xavier Rull ens informa a trav\u00e9s d&#8217;InfoZ\u00e8fir de l&#8217;acte seg\u00fcent:<\/p>\n<blockquote><p>\nTaula: El marc legal del catal\u00e0 sota la nova jurisdicci\u00f3 francesa i catalana<\/p>\n<p>Dia: divendres 14 de novembre de 2008<br \/>\nLloc: Casa dels Pa\u00efsos Catalans, Universitat de Perpiny\u00e0 &#8211; Edificis P1 i P2- Cam\u00ed de la Passi\u00f3 Vella, Perpiny\u00e0<\/p>\n<p><strong>Ponents:<\/strong><\/p>\n<ul>\n<li>Al\u00e0 Baylac, Professor de llengua de la Universitat de Perpiny\u00e0\n<li>Lloren\u00e7 Dagues, Jurista expert de la Catalunya Nord\n<li>Miquel Strubell, Professor de la UOC\n<li>Anna M. Pla Boix, Experta en Dret Ling\u00fc\u00edstic de la Universitat de Girona\n<\/ul>\n<p>L&#8217;assist\u00e8ncia a la jornada i el dinar s\u00f3n gratu\u00efts per a tothom.<\/p>\n<p>Podeu fer la vostra reserva fins al 10 de novembre.<\/p>\n<p>A m\u00e9s, hem organitzat un despla\u00e7ament des de Barcelona que, per 25 euros, inclou el<br \/>\nviatge en autocar i una visita a un celler de la Catalunya Nord. Places limitades.<\/p>\n<p><strong>Per a m\u00e9s informaci\u00f3:<\/strong><br \/>\nTel.: 93 410 68 66<br \/>\nC\/e: <a href=\"mailto:info@fundccc.cat\" target=\"_blank\">info@fundccc.cat<\/a><\/p>\n<p><strong>Amb la col\u00b7laboraci\u00f3 de:<\/strong><br \/>\nInstitut Franco-Catal\u00e0 Transfronterer<br \/>\nObservatori de la Llengua Catalana<\/p>\n<p><strong>Organitzaci\u00f3:<\/strong><br \/>\nFundaci\u00f3 Congr\u00e9s de Cultura Catalana<br \/>\n<a href=\"http:\/\/www.fundccc.cat\" target=\"_blank\">http:\/\/www.fundccc.cat<\/a>\n<\/p><\/blockquote>\n","protected":false},"excerpt":{"rendered":"<p>Xavier Rull ens informa a trav\u00e9s d&#8217;InfoZ\u00e8fir de l&#8217;acte seg\u00fcent: Taula: El marc legal del catal\u00e0 sota la nova jurisdicci\u00f3 francesa i catalana Dia: divendres 14 de novembre de 2008 Lloc: Casa dels Pa\u00efsos Catalans, Universitat de Perpiny\u00e0 &#8211; Edificis P1 i P2- Cam\u00ed de la Passi\u00f3 Vella, Perpiny\u00e0 Ponents: Al\u00e0 Baylac, Professor de llengua [&hellip;]<\/p>\n","protected":false},"author":2,"featured_media":0,"comment_status":"open","ping_status":"open","sticky":false,"template":"","format":"standard","meta":{"footnotes":""},"categories":[2,4,10,1],"tags":[136],"class_list":["post-611","post","type-post","status-publish","format-standard","hentry","category-comunicacio","category-dret","category-formacio","category-general","tag-debats"],"_links":{"self":[{"href":"https:\/\/www.cdlpv.org\/dtl\/wp-json\/wp\/v2\/posts\/611","targetHints":{"allow":["GET"]}}],"collection":[{"href":"https:\/\/www.cdlpv.org\/dtl\/wp-json\/wp\/v2\/posts"}],"about":[{"href":"https:\/\/www.cdlpv.org\/dtl\/wp-json\/wp\/v2\/types\/post"}],"author":[{"embeddable":true,"href":"https:\/\/www.cdlpv.org\/dtl\/wp-json\/wp\/v2\/users\/2"}],"replies":[{"embeddable":true,"href":"https:\/\/www.cdlpv.org\/dtl\/wp-json\/wp\/v2\/comments?post=611"}],"version-history":[{"count":0,"href":"https:\/\/www.cdlpv.org\/dtl\/wp-json\/wp\/v2\/posts\/611\/revisions"}],"wp:attachment":[{"href":"https:\/\/www.cdlpv.org\/dtl\/wp-json\/wp\/v2\/media?parent=611"}],"wp:term":[{"taxonomy":"category","embeddable":true,"href":"https:\/\/www.cdlpv.org\/dtl\/wp-json\/wp\/v2\/categories?post=611"},{"taxonomy":"post_tag","embeddable":true,"href":"https:\/\/www.cdlpv.org\/dtl\/wp-json\/wp\/v2\/tags?post=611"}],"curies":[{"name":"wp","href":"https:\/\/api.w.org\/{rel}","templated":true}]}}