{"id":61,"date":"2007-04-25T08:35:15","date_gmt":"2007-04-25T07:35:15","guid":{"rendered":"http:\/\/www.cdlpv.org\/dtl\/?p=61"},"modified":"2007-04-25T08:35:15","modified_gmt":"2007-04-25T07:35:15","slug":"ajudes-de-lavl-immigrants-i-mitjans-dinformacio","status":"publish","type":"post","link":"https:\/\/www.cdlpv.org\/dtl\/2007\/04\/25\/ajudes-de-lavl-immigrants-i-mitjans-dinformacio\/","title":{"rendered":"Ajudes de l&#8217;AVL: immigrants i mitjans d&#8217;informaci\u00f3"},"content":{"rendered":"<h5 align=\"right\">[Font: CIDAJ]<\/h5>\n<p><strong>RESOLUCI\u00d3<\/strong> de 10 d&#8217;abril de 2007, de la Presid\u00e8ncia de l&#8217;Acad\u00e8mia Valenciana de la Llengua, per la qual es publica l&#8217;acord del Ple de l&#8217;Acad\u00e8mia Valenciana de la Llengua del 30 de mar\u00e7 de 2007, pel qual es convoquen ajudes per a cursos de valenci\u00e0 adre\u00e7ats als immigrants. [2007\/4879] (DOCV n\u00fam. 5.497, de 24.04.2007)<br \/>\n<a href=\"http:\/\/www.pre.gva.es\/L\/BASIS\/BDLGVPU\/WEB\/LEV_LISTADOS_TEXTO\/DDW?W%3DSIGNATURA_N=5166+AND+SIGNATURA_A=2007%26R%3DN\" target=\"_blank\">&#8211; vegeu text<\/a><\/p>\n<p><strong>RESOLUCI\u00d3<\/strong> de 10 d&#8217;abril de 2007, de la Presid\u00e8ncia de l&#8217;Acad\u00e8mia Valenciana de la Llengua, per la qual es publica l&#8217;Acord del Ple de l&#8217;Acad\u00e8mia Valenciana de la Llengua, del 30 de mar\u00e7 de 2007, pel qual es convoquen ajudes al foment de l&#8217;\u00fas del valenci\u00e0 en les emissores locals de r\u00e0dio i en les publicacions escrites de car\u00e0cter local o comarcal, o de tem\u00e0tica especialitzada. [2007\/4878] (DOCV n\u00fam. 5.497, de 24.04.2007)<br \/>\n<a href=\"http:\/\/www.pre.gva.es\/L\/BASIS\/BDLGVPU\/WEB\/LEV_LISTADOS_TEXTO\/DDW?W%3DSIGNATURA_N=5165+AND+SIGNATURA_A=2007%26R%3DN\" target=\"_blank\">&#8211; vegeu text<\/a><\/p>\n","protected":false},"excerpt":{"rendered":"<p>[Font: CIDAJ] RESOLUCI\u00d3 de 10 d&#8217;abril de 2007, de la Presid\u00e8ncia de l&#8217;Acad\u00e8mia Valenciana de la Llengua, per la qual es publica l&#8217;acord del Ple de l&#8217;Acad\u00e8mia Valenciana de la Llengua del 30 de mar\u00e7 de 2007, pel qual es convoquen ajudes per a cursos de valenci\u00e0 adre\u00e7ats als immigrants. [2007\/4879] (DOCV n\u00fam. 5.497, de [&hellip;]<\/p>\n","protected":false},"author":2,"featured_media":0,"comment_status":"open","ping_status":"open","sticky":false,"template":"","format":"standard","meta":{"footnotes":""},"categories":[38,1,47,28],"tags":[],"class_list":["post-61","post","type-post","status-publish","format-standard","hentry","category-avl","category-general","category-planificacio","category-subvencions"],"_links":{"self":[{"href":"https:\/\/www.cdlpv.org\/dtl\/wp-json\/wp\/v2\/posts\/61","targetHints":{"allow":["GET"]}}],"collection":[{"href":"https:\/\/www.cdlpv.org\/dtl\/wp-json\/wp\/v2\/posts"}],"about":[{"href":"https:\/\/www.cdlpv.org\/dtl\/wp-json\/wp\/v2\/types\/post"}],"author":[{"embeddable":true,"href":"https:\/\/www.cdlpv.org\/dtl\/wp-json\/wp\/v2\/users\/2"}],"replies":[{"embeddable":true,"href":"https:\/\/www.cdlpv.org\/dtl\/wp-json\/wp\/v2\/comments?post=61"}],"version-history":[{"count":0,"href":"https:\/\/www.cdlpv.org\/dtl\/wp-json\/wp\/v2\/posts\/61\/revisions"}],"wp:attachment":[{"href":"https:\/\/www.cdlpv.org\/dtl\/wp-json\/wp\/v2\/media?parent=61"}],"wp:term":[{"taxonomy":"category","embeddable":true,"href":"https:\/\/www.cdlpv.org\/dtl\/wp-json\/wp\/v2\/categories?post=61"},{"taxonomy":"post_tag","embeddable":true,"href":"https:\/\/www.cdlpv.org\/dtl\/wp-json\/wp\/v2\/tags?post=61"}],"curies":[{"name":"wp","href":"https:\/\/api.w.org\/{rel}","templated":true}]}}