{"id":606,"date":"2008-11-07T23:44:18","date_gmt":"2008-11-07T22:44:18","guid":{"rendered":"http:\/\/www.cdlpv.org\/dtl\/?p=606"},"modified":"2008-11-07T23:44:18","modified_gmt":"2008-11-07T22:44:18","slug":"606","status":"publish","type":"post","link":"https:\/\/www.cdlpv.org\/dtl\/2008\/11\/07\/606\/","title":{"rendered":"El TS confirma la sent\u00e8ncia contra les pretensions de Francisco Camps"},"content":{"rendered":"<p><a href=\"http:\/\/www.vilaweb.cat\/www\/noticia?p_idcmp=3058242&#038;p_edi=benicassim\" target=\"_blank\">Vilaweb<\/a> ens informa de la sent\u00e8ncia del Tribunal Suprem espanyol que en confirma una anterior del <a href=\"http:\/\/www.cdlpv.org\/dtl\/?p=412\" target=\"_blank\">Tribunal Superior de Just\u00edcia valenci\u00e0<\/a>:<\/p>\n<blockquote>\n<h2>La just\u00edcia avala que el valenci\u00e0 es denomini <em>acad\u00e8micament catal\u00e0<\/em><\/h2>\n<h3>El Supem espanyol desestima el recurs de la Generalitat contra els estatuts de la Universitat de Val\u00e8ncia<\/h3>\n<h5>Divendres, 07.11.2008<\/h5>\n<p>El Tribunal Suprem espanyol ha desestimat el recurs que havia presentat la Generalitat contra la sent\u00e8ncia del Tribunal Superior de Just\u00edcia del Pa\u00eds Valenci\u00e0 que permetia a la Universitat de Val\u00e8ncia d&#8217;utilitzar la denominaci\u00f3 acad\u00e8mica de llengua catalana en els seus estatuts. El tribunal recorda que hi ha dues sent\u00e8ncies, del 2006 i del 2008, en qu\u00e8 es pronunciava sobre l&#8217;equival\u00e8ncia de les denominacions catal\u00e0 i valenci\u00e0 per designar designar la mateixa llengua.<\/p>\n<p>En ambd\u00f3s casos, el Suprem avalava la unitat de la llengua catalana.<\/p>\n<p>El 30 de juliol del 2004, el govern valenci\u00e0 va aprovar un decret pel modificar els estatuts de la Universitat de Val\u00e8ncia, concretament l&#8217;apartat segon de l&#8217;article sis i el primer apartat de l&#8217;article nou, que es referien a la denominaci\u00f3 acad\u00e8mica de la llengua catalana i al nom de l&#8217;\u00e0rea de ling\u00fc\u00edstica catalana.<\/p>\n<p>La Universitat de Val\u00e8ncia hi va rec\u00f3rrer, i el Tribunal Superior de Just\u00edcia valenci\u00e0 va dictar una sent\u00e8ncia que admetia parcialment la demanda del centre contra el decret del Consell, l&#8217;anul\u00b7lava per considerar-lo contrari a dret i el deixava sense efecte. La Generalitat va rec\u00f3rrer al Suprem, que ara ha tornat a donar la ra\u00f3 a la Universitat de Val\u00e8ncia.\n<\/p><\/blockquote>\n","protected":false},"excerpt":{"rendered":"<p>Vilaweb ens informa de la sent\u00e8ncia del Tribunal Suprem espanyol que en confirma una anterior del Tribunal Superior de Just\u00edcia valenci\u00e0: La just\u00edcia avala que el valenci\u00e0 es denomini acad\u00e8micament catal\u00e0 El Supem espanyol desestima el recurs de la Generalitat contra els estatuts de la Universitat de Val\u00e8ncia Divendres, 07.11.2008 El Tribunal Suprem espanyol ha [&hellip;]<\/p>\n","protected":false},"author":2,"featured_media":0,"comment_status":"open","ping_status":"open","sticky":false,"template":"","format":"standard","meta":{"footnotes":""},"categories":[36,4,1,14],"tags":[495],"class_list":["post-606","post","type-post","status-publish","format-standard","hentry","category-allofobia","category-dret","category-general","category-jurisprudencia","tag-universitat-de-valencia"],"_links":{"self":[{"href":"https:\/\/www.cdlpv.org\/dtl\/wp-json\/wp\/v2\/posts\/606","targetHints":{"allow":["GET"]}}],"collection":[{"href":"https:\/\/www.cdlpv.org\/dtl\/wp-json\/wp\/v2\/posts"}],"about":[{"href":"https:\/\/www.cdlpv.org\/dtl\/wp-json\/wp\/v2\/types\/post"}],"author":[{"embeddable":true,"href":"https:\/\/www.cdlpv.org\/dtl\/wp-json\/wp\/v2\/users\/2"}],"replies":[{"embeddable":true,"href":"https:\/\/www.cdlpv.org\/dtl\/wp-json\/wp\/v2\/comments?post=606"}],"version-history":[{"count":0,"href":"https:\/\/www.cdlpv.org\/dtl\/wp-json\/wp\/v2\/posts\/606\/revisions"}],"wp:attachment":[{"href":"https:\/\/www.cdlpv.org\/dtl\/wp-json\/wp\/v2\/media?parent=606"}],"wp:term":[{"taxonomy":"category","embeddable":true,"href":"https:\/\/www.cdlpv.org\/dtl\/wp-json\/wp\/v2\/categories?post=606"},{"taxonomy":"post_tag","embeddable":true,"href":"https:\/\/www.cdlpv.org\/dtl\/wp-json\/wp\/v2\/tags?post=606"}],"curies":[{"name":"wp","href":"https:\/\/api.w.org\/{rel}","templated":true}]}}