{"id":603,"date":"2008-11-05T09:47:06","date_gmt":"2008-11-05T08:47:06","guid":{"rendered":"http:\/\/www.cdlpv.org\/dtl\/?p=603"},"modified":"2008-11-05T09:47:06","modified_gmt":"2008-11-05T08:47:06","slug":"proves-de-la-jqcv-interpret-a-rojals-tmplc-a-gandia-i-cap-de-seccio-en-el-docv","status":"publish","type":"post","link":"https:\/\/www.cdlpv.org\/dtl\/2008\/11\/05\/proves-de-la-jqcv-interpret-a-rojals-tmplc-a-gandia-i-cap-de-seccio-en-el-docv\/","title":{"rendered":"Proves de la JQCV, int\u00e8rpret a Rojals, TMPLC a Gandia i cap de secci\u00f3 en el DOCV"},"content":{"rendered":"<p>El <span class=\"versaleta\">cidaj<\/span> ens envia les informacions seg\u00fcents:<\/p>\n<blockquote><p>\nRESOLUCI\u00d3 de 22 d&#8217;octubre de 2008, de la Secretaria Auton\u00f2mica d&#8217;Educaci\u00f3, per la qual es convoquen proves extraordin\u00e0ries per a l&#8217;obtenci\u00f3 de certificats oficials administratius de coneixements de valenci\u00e0, que expedix la Junta Qualificadora de Coneixements de Valenci\u00e0. [2008\/12446] (<span class=\"versaleta\"><em><span class=\"versaleta\"><em>docv<\/em><\/span><\/em><\/span> n\u00fam. 5.882, de 30.10.2008)<br \/>\n<a href=\"http:\/\/www.pre.gva.es\/L\/BASIS\/BDLGVPU\/WEB\/LEV_LISTADOS_TEXTO\/DDW?W=SIGNATURA_N=12511+AND+SIGNATURA_A=2008&#038;R=N\" target=\"_blank\">&#8211; vegeu text<\/a><\/p>\n<p>RESOLUCI\u00d3 de 7 d&#8217;octubre de 2008, de la Universitat Polit\u00e8cnica de Val\u00e8ncia, per la qual es publiquen les llistes provisionals d&#8217;admesos i exclosos, i el tribunal de selecci\u00f3 de les proves selectives d&#8217;acc\u00e9s al grup A, subgrup A2, sector d&#8217;administraci\u00f3 especial, t\u00e9cnic mitj\u00e0 promoci\u00f3 ling\u00fc\u00edstica i cultural al campus de Gandia, pel sistema de concurs oposici\u00f3 (convocat\u00f2ria de 23 de juny de 2008, <span CLASS=\"VERSALETA\"><em>DOCV<\/em><\/span> de 3 de juliol de 2008) (codi: 2008\/P\/FC\/C\/18). [2008\/12063] (<span CLASS=\"VERSALETA\"><em>DOCV<\/em><\/span> n\u00fam. 5.881, de 29.10.2008)<br \/>\n<a href=\"http:\/\/www.pre.gva.es\/L\/BASIS\/BDLGVPU\/WEB\/LEV_LISTADOS_TEXTO\/DDW?W=SIGNATURA_N=12416+AND+SIGNATURA_A=2008&#038;R=N\" target=\"_blank\">&#8211; vegeu text<\/a><\/p>\n<p>Ajuntament de Rojales. Bases i convocat\u00f2ria del proc\u00e9s selectiu per a cobrir una pla\u00e7a d&#8217;int\u00e8rpret. [2008\/11972] (<span CLASS=\"VERSALETA\"><em>DOCV<\/em><\/span> n\u00fam. 5.881, de 29.10.2008)<br \/>\n<a href=\"http:\/\/www.pre.gva.es\/L\/BASIS\/BDLGVPU\/WEB\/LEV_LISTADOS_TEXTO\/DDW?W=SIGNATURA_N=12412+AND+SIGNATURA_A=2008&#038;R=N\" target=\"_blank\">&#8211; vegeu text<\/a><\/p>\n<p>RESOLUCI\u00d3 de 29 d&#8217;octubre de 2008, de la Direcci\u00f3 General d&#8217;Administraci\u00f3 Auton\u00f2mica, per la qual adjudica el lloc de treball n\u00famero 25326, cap de la Secci\u00f3 del Diari Oficial II, convocat per Resoluci\u00f3, de 23 de juliol de 2008, d&#8217;esta direcci\u00f3 general, concurs de m\u00e8rits n\u00famero 79\/2008. [2008\/12676] (<span CLASS=\"VERSALETA\"><em>DOCV<\/em><\/span> n\u00fam. 5.884, de 03.11.2008)<br \/>\n<a href=\"http:\/\/www.pre.gva.es\/L\/BASIS\/BDLGVPU\/WEB\/LEV_LISTADOS_TEXTO\/DDW?W=SIGNATURA_N=12649+AND+SIGNATURA_A=2008&#038;R=N\" target=\"_blank\">&#8211; vegeu text<\/a>\n<\/p><\/blockquote>\n<p>El lloc de treball 25.326, cap de la Secci\u00f3 del Diari Oficial II, ha estat adjudicat definitivament a Llu\u00eds Vicent Solera Diaz. El lloc est\u00e0 classificat en el grup B, nivell 24, complement espec\u00edfic E042, i t\u00e9 les funcions seg\u00fcents:<\/p>\n<blockquote><p>\n\u2013 Programar, executar, supervisar i retre comptes dels resultats de les activitats i procediments que tinga encomanada la secci\u00f3, en relaci\u00f3 amb les mat\u00e8ries pr\u00f2pies del servei a qu\u00e8 estiga adscrita.<br \/>\n\u2013 Dirigir i coordinar les unitats inferiors.<br \/>\n\u2013 Coordinar els treballs de traducci\u00f3 i maquetaci\u00f3 del diari oficial, aix\u00ed com fer la traducci\u00f3 i correcci\u00f3 de documents per a la seua publicaci\u00f3 en el diari.<br \/>\n\u2013 Planificar els continguts i temporalitat del diari oficial i preparar la seua edici\u00f3.\n<\/p><\/blockquote>\n","protected":false},"excerpt":{"rendered":"<p>El cidaj ens envia les informacions seg\u00fcents: RESOLUCI\u00d3 de 22 d&#8217;octubre de 2008, de la Secretaria Auton\u00f2mica d&#8217;Educaci\u00f3, per la qual es convoquen proves extraordin\u00e0ries per a l&#8217;obtenci\u00f3 de certificats oficials administratius de coneixements de valenci\u00e0, que expedix la Junta Qualificadora de Coneixements de Valenci\u00e0. [2008\/12446] (docv n\u00fam. 5.882, de 30.10.2008) &#8211; vegeu text RESOLUCI\u00d3 [&hellip;]<\/p>\n","protected":false},"author":2,"featured_media":0,"comment_status":"open","ping_status":"open","sticky":false,"template":"","format":"standard","meta":{"footnotes":""},"categories":[43,1,13,18],"tags":[158,220,420,475],"class_list":["post-603","post","type-post","status-publish","format-standard","hentry","category-concursos","category-general","category-jqcv","category-oposicions","tag-dogv","tag-gandia","tag-rojals","tag-tmpl"],"_links":{"self":[{"href":"https:\/\/www.cdlpv.org\/dtl\/wp-json\/wp\/v2\/posts\/603","targetHints":{"allow":["GET"]}}],"collection":[{"href":"https:\/\/www.cdlpv.org\/dtl\/wp-json\/wp\/v2\/posts"}],"about":[{"href":"https:\/\/www.cdlpv.org\/dtl\/wp-json\/wp\/v2\/types\/post"}],"author":[{"embeddable":true,"href":"https:\/\/www.cdlpv.org\/dtl\/wp-json\/wp\/v2\/users\/2"}],"replies":[{"embeddable":true,"href":"https:\/\/www.cdlpv.org\/dtl\/wp-json\/wp\/v2\/comments?post=603"}],"version-history":[{"count":0,"href":"https:\/\/www.cdlpv.org\/dtl\/wp-json\/wp\/v2\/posts\/603\/revisions"}],"wp:attachment":[{"href":"https:\/\/www.cdlpv.org\/dtl\/wp-json\/wp\/v2\/media?parent=603"}],"wp:term":[{"taxonomy":"category","embeddable":true,"href":"https:\/\/www.cdlpv.org\/dtl\/wp-json\/wp\/v2\/categories?post=603"},{"taxonomy":"post_tag","embeddable":true,"href":"https:\/\/www.cdlpv.org\/dtl\/wp-json\/wp\/v2\/tags?post=603"}],"curies":[{"name":"wp","href":"https:\/\/api.w.org\/{rel}","templated":true}]}}