{"id":601,"date":"2008-11-05T09:10:48","date_gmt":"2008-11-05T08:10:48","guid":{"rendered":"http:\/\/www.cdlpv.org\/dtl\/?p=601"},"modified":"2024-11-07T09:26:49","modified_gmt":"2024-11-07T07:26:49","slug":"canvi-de-nom-sant-joan-de-lenova","status":"publish","type":"post","link":"https:\/\/www.cdlpv.org\/dtl\/2008\/11\/05\/canvi-de-nom-sant-joan-de-lenova\/","title":{"rendered":"Denominacions oficials: Sant Joan de l&#8217;\u00c8nova"},"content":{"rendered":"<p>Els <em>Flaixos d&#8217;Actualitat<\/em> <a href=\"http:\/\/www20.gencat.cat\/portal\/site\/Llengcat\/menuitem.08f45c9e3857090e3285bdb1b0c0e1a0\/?vgnextoid=cedaaa22b7103110VgnVCM1000008d0c1e0aRCRD&#038;vgnextchannel=cedaaa22b7103110VgnVCM1000008d0c1e0aRCRD&#038;vgnextfmt=default\" target=\"_blank\" rel=\"noopener\">(n\u00fam. 22, 04.11.2008)<\/a> ens informen del canvi de nom seg\u00fcent:<\/p>\n<blockquote><p>\nS\u2019ha publicat, en el <span class=\"versaleta\"><em>docv<\/em><\/span> n\u00fam. 5.875, de 21 d\u2019octubre, el Decret 160\/2008, de 17 d\u2019octubre, del Consell, pel qual s\u2019aprova el canvi de denominaci\u00f3 del municipi de San Juan de \u00c9nova per la forma exclusiva en valenci\u00e0 de Sant Joan de l\u2019\u00c8nova.\n<\/p><\/blockquote>\n<p>M\u00e9s dades en el <a href=\"http:\/\/www.geocities.com\/golls.geo\/Multicerca\/entorn.htm\" target=\"_blank\" rel=\"noopener\"><em>Multicerca<\/em><\/a> i en les <a href=\"http:\/\/www.geocities.com\/golls.geo\/Fitxes\/Entorn.htm\" target=\"_blank\" rel=\"noopener\"><em>Fitxes de Dubtes i Terminologia<\/a>:<\/em> <a href=\"http:\/\/www.geocities.com\/golls.geo\/Fitxes\/Textos\/P\/pobles.htm\" target=\"_blank\" rel=\"noopener\">\u00abpobles\u00bb<\/a>.<\/p>\n","protected":false},"excerpt":{"rendered":"<p>Els Flaixos d&#8217;Actualitat (n\u00fam. 22, 04.11.2008) ens informen del canvi de nom seg\u00fcent: S\u2019ha publicat, en el docv n\u00fam. 5.875, de 21 d\u2019octubre, el Decret 160\/2008, de 17 d\u2019octubre, del Consell, pel qual s\u2019aprova el canvi de denominaci\u00f3 del municipi de San Juan de \u00c9nova per la forma exclusiva en valenci\u00e0 de Sant Joan de [&hellip;]<\/p>\n","protected":false},"author":2,"featured_media":0,"comment_status":"open","ping_status":"open","sticky":false,"template":"","format":"standard","meta":{"footnotes":""},"categories":[1,32],"tags":[206,372],"class_list":["post-601","post","type-post","status-publish","format-standard","hentry","category-general","category-toponimia","tag-flaixos-dactualitat","tag-pobles"],"_links":{"self":[{"href":"https:\/\/www.cdlpv.org\/dtl\/wp-json\/wp\/v2\/posts\/601","targetHints":{"allow":["GET"]}}],"collection":[{"href":"https:\/\/www.cdlpv.org\/dtl\/wp-json\/wp\/v2\/posts"}],"about":[{"href":"https:\/\/www.cdlpv.org\/dtl\/wp-json\/wp\/v2\/types\/post"}],"author":[{"embeddable":true,"href":"https:\/\/www.cdlpv.org\/dtl\/wp-json\/wp\/v2\/users\/2"}],"replies":[{"embeddable":true,"href":"https:\/\/www.cdlpv.org\/dtl\/wp-json\/wp\/v2\/comments?post=601"}],"version-history":[{"count":1,"href":"https:\/\/www.cdlpv.org\/dtl\/wp-json\/wp\/v2\/posts\/601\/revisions"}],"predecessor-version":[{"id":4612,"href":"https:\/\/www.cdlpv.org\/dtl\/wp-json\/wp\/v2\/posts\/601\/revisions\/4612"}],"wp:attachment":[{"href":"https:\/\/www.cdlpv.org\/dtl\/wp-json\/wp\/v2\/media?parent=601"}],"wp:term":[{"taxonomy":"category","embeddable":true,"href":"https:\/\/www.cdlpv.org\/dtl\/wp-json\/wp\/v2\/categories?post=601"},{"taxonomy":"post_tag","embeddable":true,"href":"https:\/\/www.cdlpv.org\/dtl\/wp-json\/wp\/v2\/tags?post=601"}],"curies":[{"name":"wp","href":"https:\/\/api.w.org\/{rel}","templated":true}]}}