{"id":60,"date":"2007-04-25T08:21:54","date_gmt":"2007-04-25T07:21:54","guid":{"rendered":"http:\/\/www.cdlpv.org\/dtl\/?p=60"},"modified":"2007-04-25T08:21:54","modified_gmt":"2007-04-25T07:21:54","slug":"carrasqueta","status":"publish","type":"post","link":"https:\/\/www.cdlpv.org\/dtl\/2007\/04\/25\/carrasqueta\/","title":{"rendered":"Un jutge autoritza l&#8217;acc\u00e9s al repetidor de la Carrasqueta"},"content":{"rendered":"<p>Mentre la jutgessa de Val\u00e8ncia impedia el tancament del repetidor de televisi\u00f3 d&#8217;ACPV del Mond\u00faber [<a href=\"http:\/\/www.cdlpv.org\/dtl\/?p=59\" target=\"_blank\">veg.<\/a>], des d&#8217;on es remet TV3, un jutge d&#8217;Alacant autoritzava l&#8217;acc\u00e9s dels funcionaris de la Generalitat al repetidor de la Carrasqueta, que pretenen clausurar. Segons la not\u00edcia de Vilaweb:<\/p>\n<blockquote>\n<h2>El jutge concedix a la Generalitat autoritzaci\u00f3 per al tancament de les emissions de TV-3 des del repetidor d&#8217;Alacant<\/h2>\n<h5>VAL\u00c8NCIA, 24\/04\/2007 15:49 (EUROPA PRESS)<\/h5>\n<p>El titular del jutjat del Contenci\u00f3s Administratiu n\u00famero 3 d&#8217;Alacant ha dictat una interlocut\u00f2ria per la qual autoritza la Generalitat valenciana al tancament provisional del repetidor propietat d&#8217;Acci\u00f3 Cultural del Pa\u00eds Valenci\u00e0 (ACPV) des del qual s&#8217;emet TV-3 a Alacant.<\/p>\n<p>En una interlocut\u00f2ria que porta data de 13 d&#8217;abril a qu\u00e8 ha tingut acc\u00e9s Europa Press, el jutge concedix autoritzaci\u00f3 a l&#8217;Administraci\u00f3 auton\u00f2mica per a entrar al centre reemissor de televisi\u00f3 situat a la serra de la Carrasqueta de la poblaci\u00f3 de Xixona, des del qual ACPV realitza les emissions de TV-3.<\/p>\n<p>La resoluci\u00f3 judicial establix que l&#8217;entrada a les instal\u00b7lacions s&#8217;haur\u00e0 d&#8217;efectuar &#8220;en un termini m\u00e0xim de 10 dies&#8221; i observar-se en l&#8217;execuci\u00f3 &#8220;el m\u00e0xim respecte als drets fonamentals i llibertats de la persona&#8221;. Tamb\u00e9 assenyala que s&#8217;haur\u00e0 d&#8217;informar al jutjat de les actuacions realitzades.<\/p>\n<p>El Consell havia demanat autoritzaci\u00f3 per a procedir a l&#8217;execuci\u00f3 for\u00e7osa, com a mesura provisional, del cessament de les emissions que es realitzen des d&#8217;este repetidor, arran de l&#8217;expedient sancionador incoat contra ACPV per estar mancat de llic\u00e8ncia administrativa per a esta activitat.<\/p>\n<p>El jutjat considera que l&#8217;examen de l&#8217;acte a executar amb car\u00e0cter for\u00e7\u00f3s &#8220;no implica la ponderaci\u00f3 de la seua oportunitat, sin\u00f3 tan sols una an\u00e0lisi valorativa del procediment d&#8217;execuci\u00f3 i de l&#8217;acte de cobertura, i tamb\u00e9 de l&#8217;eventual afectaci\u00f3 d&#8217;altres drets fonamentals i llibertats p\u00fabliques&#8221;.<\/p>\n<p>El jutge ent\u00e9n que la resoluci\u00f3 &#8220;ha estat dictada per l&#8217;autoritat competent pr\u00e8via audi\u00e8ncia a l&#8217;interessat&#8221; i que &#8220;s&#8217;ha intentat l&#8217;entrada domicili\u00e0ria sense que s&#8217;haja obtingut el consentiment del titular&#8221;.<\/p>\n<p>El jutjat adopta esta decisi\u00f3 &#8220;sense perju\u00ed dels recursos administratius o contenciosos administratius que l&#8217;interessat haja pogut interposar&#8221; contra esta interlocut\u00f2ria, per a l&#8217;execuci\u00f3 de la qual se sol\u00b7licita l&#8217;entrada, i tamb\u00e9 de les mesures cautelars que puguen adoptar-se en relaci\u00f3 amb estes accions, &#8220;i en eixe cas quedaria sense efecte&#8221; esta autoritzaci\u00f3.<\/p>\n<p>El Govern valenci\u00e0 t\u00e9 previst executar este tancament, tot i que no ha precisat en quina data ho far\u00e0, segons han informat a Europa Press fonts de la Generalitat.<\/p>\n<p>La decisi\u00f3 es coneix el mateix dia en qu\u00e8 tamb\u00e9 s&#8217;ha fet p\u00fablic que la titular del Jutjat Contenci\u00f3s Administratiu n\u00famero 2 de Val\u00e8ncia ha denegat l&#8217;autoritzaci\u00f3 sol\u00b7licitada per la Generalitat valenciana per a l&#8217;execuci\u00f3 for\u00e7osa del tancament provisional de les emissions de TV-3 que es realitzen des del centre reemissor propietat d&#8217;ACPV situat al cim del Mond\u00faver, a la localitat de Xeresa, que estava prevista per a dem\u00e0, 25 d&#8217;Abril, dia que es commemora la Batalla d&#8217;Almansa.\n<\/p><\/blockquote>\n","protected":false},"excerpt":{"rendered":"<p>Mentre la jutgessa de Val\u00e8ncia impedia el tancament del repetidor de televisi\u00f3 d&#8217;ACPV del Mond\u00faber [veg.], des d&#8217;on es remet TV3, un jutge d&#8217;Alacant autoritzava l&#8217;acc\u00e9s dels funcionaris de la Generalitat al repetidor de la Carrasqueta, que pretenen clausurar. Segons la not\u00edcia de Vilaweb: El jutge concedix a la Generalitat autoritzaci\u00f3 per al tancament de [&hellip;]<\/p>\n","protected":false},"author":2,"featured_media":0,"comment_status":"open","ping_status":"open","sticky":false,"template":"","format":"standard","meta":{"footnotes":""},"categories":[2,4,1,19,34],"tags":[],"class_list":["post-60","post","type-post","status-publish","format-standard","hentry","category-comunicacio","category-dret","category-general","category-politica","category-tv3"],"_links":{"self":[{"href":"https:\/\/www.cdlpv.org\/dtl\/wp-json\/wp\/v2\/posts\/60","targetHints":{"allow":["GET"]}}],"collection":[{"href":"https:\/\/www.cdlpv.org\/dtl\/wp-json\/wp\/v2\/posts"}],"about":[{"href":"https:\/\/www.cdlpv.org\/dtl\/wp-json\/wp\/v2\/types\/post"}],"author":[{"embeddable":true,"href":"https:\/\/www.cdlpv.org\/dtl\/wp-json\/wp\/v2\/users\/2"}],"replies":[{"embeddable":true,"href":"https:\/\/www.cdlpv.org\/dtl\/wp-json\/wp\/v2\/comments?post=60"}],"version-history":[{"count":0,"href":"https:\/\/www.cdlpv.org\/dtl\/wp-json\/wp\/v2\/posts\/60\/revisions"}],"wp:attachment":[{"href":"https:\/\/www.cdlpv.org\/dtl\/wp-json\/wp\/v2\/media?parent=60"}],"wp:term":[{"taxonomy":"category","embeddable":true,"href":"https:\/\/www.cdlpv.org\/dtl\/wp-json\/wp\/v2\/categories?post=60"},{"taxonomy":"post_tag","embeddable":true,"href":"https:\/\/www.cdlpv.org\/dtl\/wp-json\/wp\/v2\/tags?post=60"}],"curies":[{"name":"wp","href":"https:\/\/api.w.org\/{rel}","templated":true}]}}