{"id":598,"date":"2008-11-03T16:49:48","date_gmt":"2008-11-03T15:49:48","guid":{"rendered":"http:\/\/www.cdlpv.org\/dtl\/?p=598"},"modified":"2008-11-03T16:49:48","modified_gmt":"2008-11-03T15:49:48","slug":"voluntariat-pel-valencia-en-valencia","status":"publish","type":"post","link":"https:\/\/www.cdlpv.org\/dtl\/2008\/11\/03\/voluntariat-pel-valencia-en-valencia\/","title":{"rendered":"Voluntariat pel valenci\u00e0 en Val\u00e8ncia"},"content":{"rendered":"<p>Ca Revolta ens envia la informaci\u00f3 seg\u00fcent:<\/p>\n<blockquote><p>\nEstimats amics i amigues:<\/p>\n<p>Us convidem a la presentaci\u00f3 del programa ling\u00fc\u00edstic <strong>Voluntariat pel Valenci\u00e0<\/strong>, que tindr\u00e0 lloc a Ca Revolta el pr\u00f2xim <strong>dimecres 5 de novembre a les 19,30 hores.<\/strong><\/p>\n<p>El <strong>Voluntariat pel Valenci\u00e0<\/strong> \u00e9s un projecte de participaci\u00f3 ling\u00fc\u00edstica que t\u00e9 per objectiu posar en contacte persones volunt\u00e0ries que vulguen destinar una hora a la setmana a conversar amb altres persones que volen llan\u00e7ar-se a parlar en valenci\u00e0.<\/p>\n<p>Esperem que aquest projecte siga del vostre inter\u00e8s i aix\u00ed, amb la participaci\u00f3 de tothom, poder fer-li una bona acollida.<\/p>\n<p>M\u00e9s informaci\u00f3 a Ca Revolta (96 392 20 88) i a <a href=\"www.voluntariatpelvalencia.org\/\" target=\"_blank\">www.voluntariatpelvalencia.org\/<\/a>.\n<\/p><\/blockquote>\n","protected":false},"excerpt":{"rendered":"<p>Ca Revolta ens envia la informaci\u00f3 seg\u00fcent: Estimats amics i amigues: Us convidem a la presentaci\u00f3 del programa ling\u00fc\u00edstic Voluntariat pel Valenci\u00e0, que tindr\u00e0 lloc a Ca Revolta el pr\u00f2xim dimecres 5 de novembre a les 19,30 hores. El Voluntariat pel Valenci\u00e0 \u00e9s un projecte de participaci\u00f3 ling\u00fc\u00edstica que t\u00e9 per objectiu posar en contacte [&hellip;]<\/p>\n","protected":false},"author":2,"featured_media":0,"comment_status":"open","ping_status":"open","sticky":false,"template":"","format":"standard","meta":{"footnotes":""},"categories":[2,10,1],"tags":[83,515],"class_list":["post-598","post","type-post","status-publish","format-standard","hentry","category-comunicacio","category-formacio","category-general","tag-ca-revolta","tag-voluntariat"],"_links":{"self":[{"href":"https:\/\/www.cdlpv.org\/dtl\/wp-json\/wp\/v2\/posts\/598","targetHints":{"allow":["GET"]}}],"collection":[{"href":"https:\/\/www.cdlpv.org\/dtl\/wp-json\/wp\/v2\/posts"}],"about":[{"href":"https:\/\/www.cdlpv.org\/dtl\/wp-json\/wp\/v2\/types\/post"}],"author":[{"embeddable":true,"href":"https:\/\/www.cdlpv.org\/dtl\/wp-json\/wp\/v2\/users\/2"}],"replies":[{"embeddable":true,"href":"https:\/\/www.cdlpv.org\/dtl\/wp-json\/wp\/v2\/comments?post=598"}],"version-history":[{"count":0,"href":"https:\/\/www.cdlpv.org\/dtl\/wp-json\/wp\/v2\/posts\/598\/revisions"}],"wp:attachment":[{"href":"https:\/\/www.cdlpv.org\/dtl\/wp-json\/wp\/v2\/media?parent=598"}],"wp:term":[{"taxonomy":"category","embeddable":true,"href":"https:\/\/www.cdlpv.org\/dtl\/wp-json\/wp\/v2\/categories?post=598"},{"taxonomy":"post_tag","embeddable":true,"href":"https:\/\/www.cdlpv.org\/dtl\/wp-json\/wp\/v2\/tags?post=598"}],"curies":[{"name":"wp","href":"https:\/\/api.w.org\/{rel}","templated":true}]}}