{"id":593,"date":"2008-10-29T11:47:03","date_gmt":"2008-10-29T10:47:03","guid":{"rendered":"http:\/\/www.cdlpv.org\/dtl\/?p=593"},"modified":"2008-10-29T11:47:03","modified_gmt":"2008-10-29T10:47:03","slug":"oferta-laboral-per-baixa-de-maternitat-a-andorra","status":"publish","type":"post","link":"https:\/\/www.cdlpv.org\/dtl\/2008\/10\/29\/oferta-laboral-per-baixa-de-maternitat-a-andorra\/","title":{"rendered":"Oferta laboral per baixa de maternitat a Andorra"},"content":{"rendered":"<p>Xavier Rull ens informa a trav\u00e9s de la llista InfoZ\u00e8fir de la convocat\u00f2ria seg\u00fcent:<\/p>\n<blockquote>\n<p>El Servei de Pol\u00edtica Ling\u00fc\u00edstica d&#8217;Andorra necessita un t\u00e8cnic ling\u00fc\u00edstic. Es tracta de cobrir una baixa de maternitat (4 mesos).<\/p>\n<p>M\u00e9s informaci\u00f3 a Joan Sans: <a href=\"mailto:joan_sans@govern.ad\" target=\"_blank\">joan_sans@govern.ad<\/a><\/p><\/blockquote>\n","protected":false},"excerpt":{"rendered":"<p>Xavier Rull ens informa a trav\u00e9s de la llista InfoZ\u00e8fir de la convocat\u00f2ria seg\u00fcent: El Servei de Pol\u00edtica Ling\u00fc\u00edstica d&#8217;Andorra necessita un t\u00e8cnic ling\u00fc\u00edstic. Es tracta de cobrir una baixa de maternitat (4 mesos). M\u00e9s informaci\u00f3 a Joan Sans: joan_sans@govern.ad<\/p>\n","protected":false},"author":2,"featured_media":0,"comment_status":"open","ping_status":"open","sticky":false,"template":"","format":"standard","meta":{"footnotes":""},"categories":[43,1,15],"tags":[59,304],"class_list":["post-593","post","type-post","status-publish","format-standard","hentry","category-concursos","category-general","category-laboral","tag-andorra","tag-maternitat"],"_links":{"self":[{"href":"https:\/\/www.cdlpv.org\/dtl\/wp-json\/wp\/v2\/posts\/593","targetHints":{"allow":["GET"]}}],"collection":[{"href":"https:\/\/www.cdlpv.org\/dtl\/wp-json\/wp\/v2\/posts"}],"about":[{"href":"https:\/\/www.cdlpv.org\/dtl\/wp-json\/wp\/v2\/types\/post"}],"author":[{"embeddable":true,"href":"https:\/\/www.cdlpv.org\/dtl\/wp-json\/wp\/v2\/users\/2"}],"replies":[{"embeddable":true,"href":"https:\/\/www.cdlpv.org\/dtl\/wp-json\/wp\/v2\/comments?post=593"}],"version-history":[{"count":0,"href":"https:\/\/www.cdlpv.org\/dtl\/wp-json\/wp\/v2\/posts\/593\/revisions"}],"wp:attachment":[{"href":"https:\/\/www.cdlpv.org\/dtl\/wp-json\/wp\/v2\/media?parent=593"}],"wp:term":[{"taxonomy":"category","embeddable":true,"href":"https:\/\/www.cdlpv.org\/dtl\/wp-json\/wp\/v2\/categories?post=593"},{"taxonomy":"post_tag","embeddable":true,"href":"https:\/\/www.cdlpv.org\/dtl\/wp-json\/wp\/v2\/tags?post=593"}],"curies":[{"name":"wp","href":"https:\/\/api.w.org\/{rel}","templated":true}]}}