{"id":590,"date":"2008-10-29T09:34:29","date_gmt":"2008-10-29T08:34:29","guid":{"rendered":"http:\/\/www.cdlpv.org\/dtl\/?p=590"},"modified":"2008-10-29T09:34:29","modified_gmt":"2008-10-29T08:34:29","slug":"tecnic-linguistic-de-lliure-designacio-cap-de-seccio-de-promocio-del-valencia","status":"publish","type":"post","link":"https:\/\/www.cdlpv.org\/dtl\/2008\/10\/29\/tecnic-linguistic-de-lliure-designacio-cap-de-seccio-de-promocio-del-valencia\/","title":{"rendered":"T\u00e8cnic ling\u00fc\u00edstic de lliure designaci\u00f3: cap de la Secci\u00f3 de Promoci\u00f3 del Valenci\u00e0"},"content":{"rendered":"<p>El <span class=\"versaleta\">cidaj<\/span> ens informa del concurs seg\u00fcent:<\/p>\n<blockquote><p>\nCONVOCAT\u00d2RIA 088\/2008, de la Direcci\u00f3 General d&#8217;Administraci\u00f3 Auton\u00f2mica, per la qual s&#8217;anuncia, per a la seua provisi\u00f3 pel sistema de lliure designaci\u00f3, un lloc de treball de naturalesa funcionarial, a la Conselleria d&#8217;Educaci\u00f3. [2008\/12413] (<span class=\"versaleta\"><em>docv<\/em><\/span> n\u00fam. 5.880, de 28.10.2008)<br \/>\n<a href=\"http:\/\/www.pre.gva.es\/L\/BASIS\/BDLGVPU\/WEB\/LEV_LISTADOS_TEXTO\/DDW?W=SIGNATURA_N=12312+AND+SIGNATURA_A=2008&#038;R=N\" target=\"_blank\">&#8211; vegeu text<\/a>\n<\/p><\/blockquote>\n<p>Es tracta del lloc seg\u00fcent:<\/p>\n<blockquote><p>\n<strong>Lloc de treball n\u00famero:<\/strong> 13708, cap de la Secci\u00f3 de Promoci\u00f3 del Valenci\u00e0.<br \/>\n<strong>Conselleria\/organisme:<\/strong> Conselleria d&#8217;Educaci\u00f3.<br \/>\n<strong>Centre de destinaci\u00f3:<\/strong> Direcci\u00f3 General d&#8217;Ordenaci\u00f3 i Centres Docents.<br \/>\n<strong>Localitat lloc:<\/strong> Val\u00e8ncia.<br \/>\n<strong>Naturalesa:<\/strong> funcionarial.<br \/>\n<strong>Sector:<\/strong> especial docent.<br \/>\n<strong>Requisits:<\/strong> grup A\/B, assessor\/a ling\u00fc\u00edstic\/a, docents grup A, docents grup B, t\u00e8cnic\/a mitj\u00e0\/ana de Promoci\u00f3 Ling\u00fc\u00edstica.<br \/>\n<strong>Complement de destinaci\u00f3:<\/strong> nivell 24.<br \/>\n<strong>Complement espec\u00edfic:<\/strong> E042.<br \/>\n<strong>Forma de provisi\u00f3:<\/strong> lliure designaci\u00f3.<br \/>\n<strong>Funcions:<\/strong> dur a terme campanyes d&#8217;informaci\u00f3 i sensibilitzaci\u00f3. Elaboraci\u00f3 i edici\u00f3 de materials did\u00e0ctics suports de l&#8217;ensenyament del valenci\u00e0. Organitzar l&#8217;arreplega de dades estad\u00edstiques de situaci\u00f3 i increment de l&#8217;ensenyament del valenci\u00e0.\n<\/p><\/blockquote>\n<p>Les sol\u00b7licituds s&#8217;han de presentar dins del termini de 15 dies h\u00e0bils a partir de l&#8217;endem\u00e0 de la publicaci\u00f3 d&#8217;esta convocat\u00f2ria en el <em>Diari Oficial de la Comunitat Valenciana<\/em>.<\/p>\n","protected":false},"excerpt":{"rendered":"<p>El cidaj ens informa del concurs seg\u00fcent: CONVOCAT\u00d2RIA 088\/2008, de la Direcci\u00f3 General d&#8217;Administraci\u00f3 Auton\u00f2mica, per la qual s&#8217;anuncia, per a la seua provisi\u00f3 pel sistema de lliure designaci\u00f3, un lloc de treball de naturalesa funcionarial, a la Conselleria d&#8217;Educaci\u00f3. [2008\/12413] (docv n\u00fam. 5.880, de 28.10.2008) &#8211; vegeu text Es tracta del lloc seg\u00fcent: Lloc [&hellip;]<\/p>\n","protected":false},"author":2,"featured_media":0,"comment_status":"open","ping_status":"open","sticky":false,"template":"","format":"standard","meta":{"footnotes":""},"categories":[43,1,15],"tags":[224,292],"class_list":["post-590","post","type-post","status-publish","format-standard","hentry","category-concursos","category-general","category-laboral","tag-generalitat-valenciana","tag-lliure-designacio"],"_links":{"self":[{"href":"https:\/\/www.cdlpv.org\/dtl\/wp-json\/wp\/v2\/posts\/590","targetHints":{"allow":["GET"]}}],"collection":[{"href":"https:\/\/www.cdlpv.org\/dtl\/wp-json\/wp\/v2\/posts"}],"about":[{"href":"https:\/\/www.cdlpv.org\/dtl\/wp-json\/wp\/v2\/types\/post"}],"author":[{"embeddable":true,"href":"https:\/\/www.cdlpv.org\/dtl\/wp-json\/wp\/v2\/users\/2"}],"replies":[{"embeddable":true,"href":"https:\/\/www.cdlpv.org\/dtl\/wp-json\/wp\/v2\/comments?post=590"}],"version-history":[{"count":0,"href":"https:\/\/www.cdlpv.org\/dtl\/wp-json\/wp\/v2\/posts\/590\/revisions"}],"wp:attachment":[{"href":"https:\/\/www.cdlpv.org\/dtl\/wp-json\/wp\/v2\/media?parent=590"}],"wp:term":[{"taxonomy":"category","embeddable":true,"href":"https:\/\/www.cdlpv.org\/dtl\/wp-json\/wp\/v2\/categories?post=590"},{"taxonomy":"post_tag","embeddable":true,"href":"https:\/\/www.cdlpv.org\/dtl\/wp-json\/wp\/v2\/tags?post=590"}],"curies":[{"name":"wp","href":"https:\/\/api.w.org\/{rel}","templated":true}]}}