{"id":59,"date":"2007-04-24T12:04:35","date_gmt":"2007-04-24T11:04:35","guid":{"rendered":"http:\/\/www.cdlpv.org\/dtl\/?p=59"},"modified":"2007-04-24T12:04:35","modified_gmt":"2007-04-24T11:04:35","slug":"espai-catala-de-comunicacio","status":"publish","type":"post","link":"https:\/\/www.cdlpv.org\/dtl\/2007\/04\/24\/espai-catala-de-comunicacio\/","title":{"rendered":"L&#8217;espai catal\u00e0 de comunicaci\u00f3 comen\u00e7a a alliberar-se al Pa\u00eds Valenci\u00e0"},"content":{"rendered":"<p>Not\u00edcia important i alleujadora de l&#8217;angoixa comunicativa a qu\u00e8 ha sotm\u00e9s el govern valenci\u00e0 del PP als ciutadans valencians &mdash;ostatges del seu benefici privat&mdash;. La jutgessa ha considerat m\u00e9s important el dret a la informaci\u00f3 que els tr\u00e0mits administratius addu\u00efts per la Generalitat. Segons Vilaweb:<\/p>\n<blockquote>\n<h5>DIMARTS, 24\/04\/2007 &#8211; 11:15h<\/h5>\n<h2>La just\u00edcia denega a la Generalitat l&#8217;ordre de tancament de TV3<\/h2>\n<p align=\"right\"><a href=\"http:\/\/www.cdlpv.org\/dtl\/wp-content\/monduber-tv3\/monduber.htm\" target=\"_blank\">[Veg. la sent\u00e8ncia]<\/a><\/p>\n<h3>La jutgessa desestima la petici\u00f3 del govern de Camps de tancar el repetidor del Mond\u00faver perqu\u00e8 diu que vulneraria drets fonamentals<\/h3>\n<p>La pretensi\u00f3 del govern de Camps d&#8217;impedir les emissions de TV3 al Pa\u00eds Valenci\u00e0 ha topat amb els tribunals: la jutgessa del contenci\u00f3s administratiu de Val\u00e8ncia ha denegat el tancament del repetidor del Mond\u00faver, que el govern volia executar dem\u00e0, coincidint amb el tres-cent\u00e8 aniversari de la batalla d&#8217;Almansa. La jutgessa ha desestimat la petici\u00f3 perqu\u00e8 considera que el tancament vulneraria el dret fonamental dels ciutadans de rebre informaci\u00f3 i, per tant, \u00e9s una mesura del tot desproporcionada.<\/p>\n<p>Aix\u00ed doncs, dem\u00e0 el govern no podr\u00e0 dur a terme el tancament que volia fer del repetidor del Mond\u00faver, on Acci\u00f3 Cultural havia convocat una concentraci\u00f3 de protesta a les vuit del mat\u00ed.<\/p>\n<p>Si el govern vol persistir per la via judicial per tancar els repetidors de TV3 encara pot presentar un recurs contra la resoluci\u00f3 de la jutgessa.<\/p>\n<p><strong>La reciprocitat <\/strong><\/p>\n<p>Simult\u00e0niament, el govern de Catalunya i el govern valenci\u00e0 negocien un possible acord de reciprocitat entre TV3 i Canal 9. El conseller de Mitjans de Comunicaci\u00f3 catal\u00e0, Joan Manuel Tresserras, comunicar\u00e0 avui al seu hom\u00f2leg valenci\u00e0, Vicent Rambla, la predisposici\u00f3 del govern espanyol a cercar una soluci\u00f3 t\u00e8cnica que la permeti. El ministre d&#8217;Ind\u00fastria, Joan Clos, va parlar ahir amb Tresserras i es va comprometre a fer tot quant fos possible per trobar una soluci\u00f3.<\/p>\n<p>El govern valenci\u00e0 ha posat dues condicions a la reciprocitat; n&#8217;\u00e9s una, precisament, que el ministeri d&#8217;Ind\u00fastria hi intervingui per habilitar l&#8217;espai radioel\u00e8ctic necessari. La segona \u00e9s que TV3 deixi d&#8217;utilitzar la denominaci\u00f3 Pa\u00eds Valenci\u00e0, cosa que de moment no accepta el govern de Catalunya.<\/p>\n<\/blockquote>\n","protected":false},"excerpt":{"rendered":"<p>Not\u00edcia important i alleujadora de l&#8217;angoixa comunicativa a qu\u00e8 ha sotm\u00e9s el govern valenci\u00e0 del PP als ciutadans valencians &mdash;ostatges del seu benefici privat&mdash;. La jutgessa ha considerat m\u00e9s important el dret a la informaci\u00f3 que els tr\u00e0mits administratius addu\u00efts per la Generalitat. Segons Vilaweb: DIMARTS, 24\/04\/2007 &#8211; 11:15h La just\u00edcia denega a la Generalitat [&hellip;]<\/p>\n","protected":false},"author":2,"featured_media":0,"comment_status":"open","ping_status":"open","sticky":false,"template":"","format":"standard","meta":{"footnotes":""},"categories":[2,4,1,19,34],"tags":[],"class_list":["post-59","post","type-post","status-publish","format-standard","hentry","category-comunicacio","category-dret","category-general","category-politica","category-tv3"],"_links":{"self":[{"href":"https:\/\/www.cdlpv.org\/dtl\/wp-json\/wp\/v2\/posts\/59","targetHints":{"allow":["GET"]}}],"collection":[{"href":"https:\/\/www.cdlpv.org\/dtl\/wp-json\/wp\/v2\/posts"}],"about":[{"href":"https:\/\/www.cdlpv.org\/dtl\/wp-json\/wp\/v2\/types\/post"}],"author":[{"embeddable":true,"href":"https:\/\/www.cdlpv.org\/dtl\/wp-json\/wp\/v2\/users\/2"}],"replies":[{"embeddable":true,"href":"https:\/\/www.cdlpv.org\/dtl\/wp-json\/wp\/v2\/comments?post=59"}],"version-history":[{"count":0,"href":"https:\/\/www.cdlpv.org\/dtl\/wp-json\/wp\/v2\/posts\/59\/revisions"}],"wp:attachment":[{"href":"https:\/\/www.cdlpv.org\/dtl\/wp-json\/wp\/v2\/media?parent=59"}],"wp:term":[{"taxonomy":"category","embeddable":true,"href":"https:\/\/www.cdlpv.org\/dtl\/wp-json\/wp\/v2\/categories?post=59"},{"taxonomy":"post_tag","embeddable":true,"href":"https:\/\/www.cdlpv.org\/dtl\/wp-json\/wp\/v2\/tags?post=59"}],"curies":[{"name":"wp","href":"https:\/\/api.w.org\/{rel}","templated":true}]}}