{"id":588,"date":"2008-10-27T18:58:28","date_gmt":"2008-10-27T17:58:28","guid":{"rendered":"http:\/\/www.cdlpv.org\/dtl\/?p=588"},"modified":"2008-10-27T18:58:28","modified_gmt":"2008-10-27T17:58:28","slug":"la-llengua-dalguns-funcionaris-publics-valencians","status":"publish","type":"post","link":"https:\/\/www.cdlpv.org\/dtl\/2008\/10\/27\/la-llengua-dalguns-funcionaris-publics-valencians\/","title":{"rendered":"La llengua d&#8217;alguns funcionaris p\u00fablics valencians"},"content":{"rendered":"<p>Segons escriu Xavier Aliaga en el diari <em>El Pa\u00eds<\/em> (25.10.2008):<\/p>\n<blockquote>\n<h2>La Generalitat expulsa el valenci\u00e0<\/h2>\n<\/h3>\n<p>Nom\u00e9s exigix el coneixement de la llengua a l&#8217;1,2% dels funcionaris<\/h3>\n<\/blockquote>\n<p>Les dades concretes, segons l&#8217;article, indiquen que eixe 1,2% s\u00f3n 193 empleats (d&#8217;un total de 15.669), la major part concentrats en la conselleria d&#8217;educaci\u00f3.<\/p>\n<p>Aix\u00f2 no contrasta gens amb la Llei 4\/1983, contra el que li puga semblar a Cipri\u00e0 Ciscar, ni hauria de sorprendre a ning\u00fa al cap de tants anys denunciant-ho i sabent-ho.<\/p>\n<p>I com que en este aspecte nom\u00e9s podem que millorar, potser algun dia sabrem si Jorge Alarte <span class=\"versaleta\">(pspv)<\/span> mant\u00e9 el que va respondre en l&#8217;entrevista que li f\u00e9u E. Orts en <em>El Punt<\/em> (19-25.10.2008):<\/p>\n<blockquote><p>\n<strong>&mdash; \u00c9s partidari que s&#8217;exigisca el requisit ling\u00fc\u00edstic per a l&#8217;acc\u00e9s a la funci\u00f3 p\u00fablica?<\/strong><br \/>\n&mdash;\u00abSens dubte. Qualsevol persona que vulga treballar en la funci\u00f3 p\u00fablica a la Comunitat Valenciana ha de con\u00e9ixer les dues lleng\u00fces oficials. Al meu parer aquest \u00e9s un debat vell que la dreta ressuscita de tant en tant. Tots els servidors p\u00fablics han de con\u00e9ixer les dues lleng\u00fces per a poder atendre els ciutadans en la seua llengua.\u00bb\n<\/p><\/blockquote>\n","protected":false},"excerpt":{"rendered":"<p>Segons escriu Xavier Aliaga en el diari El Pa\u00eds (25.10.2008): La Generalitat expulsa el valenci\u00e0 Nom\u00e9s exigix el coneixement de la llengua a l&#8217;1,2% dels funcionaris Les dades concretes, segons l&#8217;article, indiquen que eixe 1,2% s\u00f3n 193 empleats (d&#8217;un total de 15.669), la major part concentrats en la conselleria d&#8217;educaci\u00f3. Aix\u00f2 no contrasta gens amb [&hellip;]<\/p>\n","protected":false},"author":2,"featured_media":0,"comment_status":"open","ping_status":"open","sticky":false,"template":"","format":"standard","meta":{"footnotes":""},"categories":[1,15,24],"tags":[224],"class_list":["post-588","post","type-post","status-publish","format-standard","hentry","category-general","category-laboral","category-requisit-linguistic","tag-generalitat-valenciana"],"_links":{"self":[{"href":"https:\/\/www.cdlpv.org\/dtl\/wp-json\/wp\/v2\/posts\/588","targetHints":{"allow":["GET"]}}],"collection":[{"href":"https:\/\/www.cdlpv.org\/dtl\/wp-json\/wp\/v2\/posts"}],"about":[{"href":"https:\/\/www.cdlpv.org\/dtl\/wp-json\/wp\/v2\/types\/post"}],"author":[{"embeddable":true,"href":"https:\/\/www.cdlpv.org\/dtl\/wp-json\/wp\/v2\/users\/2"}],"replies":[{"embeddable":true,"href":"https:\/\/www.cdlpv.org\/dtl\/wp-json\/wp\/v2\/comments?post=588"}],"version-history":[{"count":0,"href":"https:\/\/www.cdlpv.org\/dtl\/wp-json\/wp\/v2\/posts\/588\/revisions"}],"wp:attachment":[{"href":"https:\/\/www.cdlpv.org\/dtl\/wp-json\/wp\/v2\/media?parent=588"}],"wp:term":[{"taxonomy":"category","embeddable":true,"href":"https:\/\/www.cdlpv.org\/dtl\/wp-json\/wp\/v2\/categories?post=588"},{"taxonomy":"post_tag","embeddable":true,"href":"https:\/\/www.cdlpv.org\/dtl\/wp-json\/wp\/v2\/tags?post=588"}],"curies":[{"name":"wp","href":"https:\/\/api.w.org\/{rel}","templated":true}]}}