{"id":583,"date":"2008-10-21T20:25:52","date_gmt":"2008-10-21T19:25:52","guid":{"rendered":"http:\/\/www.cdlpv.org\/dtl\/?p=583"},"modified":"2008-10-21T20:25:52","modified_gmt":"2008-10-21T19:25:52","slug":"palma-capital-de-les-illes-balears","status":"publish","type":"post","link":"https:\/\/www.cdlpv.org\/dtl\/2008\/10\/21\/palma-capital-de-les-illes-balears\/","title":{"rendered":"Palma, capital de les Illes Balears"},"content":{"rendered":"<p>Xavier Rull ens informa a trav\u00e9s d&#8217;InfoZ\u00e8fir del canvi de nom seg\u00fcent aparegut en el diari <em>Avui<\/em> <a href=\"http:\/\/paper.avui.cat\/article\/politica\/141778\/apunts\/marge.html\" target=\"_blank\">(08.10.2008)<\/a>:<\/p>\n<blockquote>\n<h2>Palma de Mallorca passa a ser Palma en aplicaci\u00f3 de l&#8217;Estatut<\/h2>\n<p>El ministeri d&#8217;Administracions P\u00fabliques ha informat a l&#8217;Ajuntament que la denominaci\u00f3 del municipi ha passat a ser Palma, en lloc de Palma de Mallorca, una modificaci\u00f3 ja introdu\u00efda al Registre d&#8217;Entitats Locals, que es deu a la publicaci\u00f3 de la llei de capitalitat que aix\u00ed ho indica. El canvi de la denominaci\u00f3 es deu a l&#8217;adaptaci\u00f3 del nom a la reforma de l&#8217;Estatut d&#8217;Autonomia de Balears.\n<\/p><\/blockquote>\n<p>Podeu consultar la Llei 8\/2008 <a href=\"http:\/\/boib.caib.es\/pdf\/2008087\/mp5.pdf\"><span class=\"versaleta\">[pdf]<\/span><\/a> i el <a href=\"http:\/\/www.dgal.map.es\/cgi-bin\/webapb\/webdriver?MIval=municipios&#038;n_prov=Illes+Balears\" target=\"_blank\">registre<\/a> d&#8217;entitats locals.<\/p>\n","protected":false},"excerpt":{"rendered":"<p>Xavier Rull ens informa a trav\u00e9s d&#8217;InfoZ\u00e8fir del canvi de nom seg\u00fcent aparegut en el diari Avui (08.10.2008): Palma de Mallorca passa a ser Palma en aplicaci\u00f3 de l&#8217;Estatut El ministeri d&#8217;Administracions P\u00fabliques ha informat a l&#8217;Ajuntament que la denominaci\u00f3 del municipi ha passat a ser Palma, en lloc de Palma de Mallorca, una modificaci\u00f3 [&hellip;]<\/p>\n","protected":false},"author":2,"featured_media":0,"comment_status":"open","ping_status":"open","sticky":false,"template":"","format":"standard","meta":{"footnotes":""},"categories":[1,32],"tags":[240],"class_list":["post-583","post","type-post","status-publish","format-standard","hentry","category-general","category-toponimia","tag-illes-balears"],"_links":{"self":[{"href":"https:\/\/www.cdlpv.org\/dtl\/wp-json\/wp\/v2\/posts\/583","targetHints":{"allow":["GET"]}}],"collection":[{"href":"https:\/\/www.cdlpv.org\/dtl\/wp-json\/wp\/v2\/posts"}],"about":[{"href":"https:\/\/www.cdlpv.org\/dtl\/wp-json\/wp\/v2\/types\/post"}],"author":[{"embeddable":true,"href":"https:\/\/www.cdlpv.org\/dtl\/wp-json\/wp\/v2\/users\/2"}],"replies":[{"embeddable":true,"href":"https:\/\/www.cdlpv.org\/dtl\/wp-json\/wp\/v2\/comments?post=583"}],"version-history":[{"count":0,"href":"https:\/\/www.cdlpv.org\/dtl\/wp-json\/wp\/v2\/posts\/583\/revisions"}],"wp:attachment":[{"href":"https:\/\/www.cdlpv.org\/dtl\/wp-json\/wp\/v2\/media?parent=583"}],"wp:term":[{"taxonomy":"category","embeddable":true,"href":"https:\/\/www.cdlpv.org\/dtl\/wp-json\/wp\/v2\/categories?post=583"},{"taxonomy":"post_tag","embeddable":true,"href":"https:\/\/www.cdlpv.org\/dtl\/wp-json\/wp\/v2\/tags?post=583"}],"curies":[{"name":"wp","href":"https:\/\/api.w.org\/{rel}","templated":true}]}}