{"id":580,"date":"2008-10-18T19:42:54","date_gmt":"2008-10-18T18:42:54","guid":{"rendered":"http:\/\/www.cdlpv.org\/dtl\/?p=580"},"modified":"2008-10-18T19:42:54","modified_gmt":"2008-10-18T18:42:54","slug":"estrategia-europea-pel-multilinguisme","status":"publish","type":"post","link":"https:\/\/www.cdlpv.org\/dtl\/2008\/10\/18\/estrategia-europea-pel-multilinguisme\/","title":{"rendered":"Estrat\u00e8gia europea pel multiling\u00fcisme"},"content":{"rendered":"<p>Els <em>Flaixos d&#8217;Actualitat<\/em> <a href=\"http:\/\/www20.gencat.cat\/portal\/site\/Llengcat\/menuitem.5ecc41313c6e17e295029110b0c0e1a0\/?vgnextoid=cedaaa22b7103110VgnVCM1000008d0c1e0aRCRD&#038;vgnextchannel=cedaaa22b7103110VgnVCM1000008d0c1e0aRCRD&#038;vgnextfmt=detall&#038;contentid=f7256a939bbfc110VgnVCM1000008d0c1e0aRCRD\" target=\"_blank\">(n\u00famero 21, 17.10.2008)<\/a> ens informen d&#8217;una estrat\u00e8gia educativa europea sobre les lleng\u00fces:<\/p>\n<blockquote><p>El 18 de setembre la Comissi\u00f3 Europea va adoptar, a proposta del Comissionat per al Multiling\u00fcisme, un document estrat\u00e8gic  que descriu i analitza els reptes i oportunitats del multiling\u00fcisme. Aquest \u00e9s el primer document estrat\u00e8gic de la UE que aconsella una pol\u00edtica concreta i espec\u00edfica en pro del multiling\u00fcisme.<\/p>\n<p>A banda de recon\u00e8ixer la import\u00e0ncia del multiling\u00fcisme quant a la conviv\u00e8ncia i la integraci\u00f3 europea i de refermar-se en la necessitat de continuar promovent espais de debat del tipus esmentat, incorpora dues recomanacions destacables: l&#8217;assoliment de l&#8217;anomenat objectiu de Barcelona (fer que tots els europeus acabin dominant, almenys, la seva llengua materna i dues m\u00e9s) i la transversalitzaci\u00f3 del multiling\u00fcisme en la pr\u00e0ctica interna i els programes de la Comissi\u00f3 Europea i de les altres institucions comunit\u00e0ries.<\/p>\n<p>El document es pot consultar a: <a href=\"http:\/\/ec.europa.eu\/education\/languages\/eu-language-policy\/doc124_en.htm\" target=\"_blank\">Comissi\u00f3 Europea<\/a>.\n<\/p><\/blockquote>\n","protected":false},"excerpt":{"rendered":"<p>Els Flaixos d&#8217;Actualitat (n\u00famero 21, 17.10.2008) ens informen d&#8217;una estrat\u00e8gia educativa europea sobre les lleng\u00fces: El 18 de setembre la Comissi\u00f3 Europea va adoptar, a proposta del Comissionat per al Multiling\u00fcisme, un document estrat\u00e8gic que descriu i analitza els reptes i oportunitats del multiling\u00fcisme. Aquest \u00e9s el primer document estrat\u00e8gic de la UE que aconsella [&hellip;]<\/p>\n","protected":false},"author":2,"featured_media":0,"comment_status":"open","ping_status":"open","sticky":false,"template":"","format":"standard","meta":{"footnotes":""},"categories":[2,10,1,35],"tags":[275,322],"class_list":["post-580","post","type-post","status-publish","format-standard","hentry","category-comunicacio","category-formacio","category-general","category-unio-europea","tag-leonard-orban","tag-multilinguisme"],"_links":{"self":[{"href":"https:\/\/www.cdlpv.org\/dtl\/wp-json\/wp\/v2\/posts\/580","targetHints":{"allow":["GET"]}}],"collection":[{"href":"https:\/\/www.cdlpv.org\/dtl\/wp-json\/wp\/v2\/posts"}],"about":[{"href":"https:\/\/www.cdlpv.org\/dtl\/wp-json\/wp\/v2\/types\/post"}],"author":[{"embeddable":true,"href":"https:\/\/www.cdlpv.org\/dtl\/wp-json\/wp\/v2\/users\/2"}],"replies":[{"embeddable":true,"href":"https:\/\/www.cdlpv.org\/dtl\/wp-json\/wp\/v2\/comments?post=580"}],"version-history":[{"count":0,"href":"https:\/\/www.cdlpv.org\/dtl\/wp-json\/wp\/v2\/posts\/580\/revisions"}],"wp:attachment":[{"href":"https:\/\/www.cdlpv.org\/dtl\/wp-json\/wp\/v2\/media?parent=580"}],"wp:term":[{"taxonomy":"category","embeddable":true,"href":"https:\/\/www.cdlpv.org\/dtl\/wp-json\/wp\/v2\/categories?post=580"},{"taxonomy":"post_tag","embeddable":true,"href":"https:\/\/www.cdlpv.org\/dtl\/wp-json\/wp\/v2\/tags?post=580"}],"curies":[{"name":"wp","href":"https:\/\/api.w.org\/{rel}","templated":true}]}}