{"id":58,"date":"2007-04-23T19:59:38","date_gmt":"2007-04-23T18:59:38","guid":{"rendered":"http:\/\/www.cdlpv.org\/dtl\/?p=58"},"modified":"2007-04-23T19:59:38","modified_gmt":"2007-04-23T18:59:38","slug":"presentacio-dun-llibre-sobre-politica-linguistica","status":"publish","type":"post","link":"https:\/\/www.cdlpv.org\/dtl\/2007\/04\/23\/presentacio-dun-llibre-sobre-politica-linguistica\/","title":{"rendered":"Presentaci\u00f3 d&#8217;un llibre sobre pol\u00edtica ling\u00fc\u00edstica"},"content":{"rendered":"<p>Anuncia el <a href=\"http:\/\/www.octubre.cat\/activ_fitxa.php?id_activitat=209\"><em>web<\/em><\/a> d&#8217;Acci\u00f3 Cultural del Pa\u00eds Valenci\u00e0 la presentaci\u00f3 d&#8217;un llibre elaborat per dos companys universitaris, Alfons i Francesc Esteve:<\/p>\n<blockquote><p>\n25.04.2007 &#8211; 19 h: Presentaci\u00f3 del llibre <em>Drets cap a la normalitat. Propostes per a una pol\u00edtica ling\u00fc\u00edstica efica\u00e7 i factible al Pa\u00eds Valenci\u00e0<\/em><\/p>\n<p><strong>Amb la intervenci\u00f3 de:<\/strong><br \/>\n&#8211; Alfons Esteve, cap de l&#8217;\u00e0rea de dinamitzaci\u00f3 de Servei de Pol\u00edtica Ling\u00fc\u00edstica de la Universitat de Val\u00e8ncia i autor del llibre.<br \/>\n&#8211; Francesc Esteve, cap de l&#8217;\u00e0rea de terminologia del Servei de Pol\u00edtica Ling\u00fc\u00edstica de la Universitat de Val\u00e8ncia i autor del llibre.<br \/>\n&#8211; Eliseu Climent, president d&#8217;Acci\u00f3 Cultural del Pa\u00eds Valenci\u00e0<br \/>\n&#8211; Tonetxo Pardi\u00f1as, president de la Societat Coral El Micalet<br \/>\n&#8211; Diego G\u00f3mez, president d&#8217;Escola Valenciana i altres representants de les 50 associacions adherides\n<\/p><\/blockquote>\n","protected":false},"excerpt":{"rendered":"<p>Anuncia el web d&#8217;Acci\u00f3 Cultural del Pa\u00eds Valenci\u00e0 la presentaci\u00f3 d&#8217;un llibre elaborat per dos companys universitaris, Alfons i Francesc Esteve: 25.04.2007 &#8211; 19 h: Presentaci\u00f3 del llibre Drets cap a la normalitat. Propostes per a una pol\u00edtica ling\u00fc\u00edstica efica\u00e7 i factible al Pa\u00eds Valenci\u00e0 Amb la intervenci\u00f3 de: &#8211; Alfons Esteve, cap de l&#8217;\u00e0rea [&hellip;]<\/p>\n","protected":false},"author":2,"featured_media":0,"comment_status":"open","ping_status":"open","sticky":false,"template":"","format":"standard","meta":{"footnotes":""},"categories":[4,1,47,19],"tags":[],"class_list":["post-58","post","type-post","status-publish","format-standard","hentry","category-dret","category-general","category-planificacio","category-politica"],"_links":{"self":[{"href":"https:\/\/www.cdlpv.org\/dtl\/wp-json\/wp\/v2\/posts\/58","targetHints":{"allow":["GET"]}}],"collection":[{"href":"https:\/\/www.cdlpv.org\/dtl\/wp-json\/wp\/v2\/posts"}],"about":[{"href":"https:\/\/www.cdlpv.org\/dtl\/wp-json\/wp\/v2\/types\/post"}],"author":[{"embeddable":true,"href":"https:\/\/www.cdlpv.org\/dtl\/wp-json\/wp\/v2\/users\/2"}],"replies":[{"embeddable":true,"href":"https:\/\/www.cdlpv.org\/dtl\/wp-json\/wp\/v2\/comments?post=58"}],"version-history":[{"count":0,"href":"https:\/\/www.cdlpv.org\/dtl\/wp-json\/wp\/v2\/posts\/58\/revisions"}],"wp:attachment":[{"href":"https:\/\/www.cdlpv.org\/dtl\/wp-json\/wp\/v2\/media?parent=58"}],"wp:term":[{"taxonomy":"category","embeddable":true,"href":"https:\/\/www.cdlpv.org\/dtl\/wp-json\/wp\/v2\/categories?post=58"},{"taxonomy":"post_tag","embeddable":true,"href":"https:\/\/www.cdlpv.org\/dtl\/wp-json\/wp\/v2\/tags?post=58"}],"curies":[{"name":"wp","href":"https:\/\/api.w.org\/{rel}","templated":true}]}}