{"id":571,"date":"2008-10-17T19:17:20","date_gmt":"2008-10-17T18:17:20","guid":{"rendered":"http:\/\/www.cdlpv.org\/dtl\/?p=571"},"modified":"2008-10-17T19:17:20","modified_gmt":"2008-10-17T18:17:20","slug":"els-parlars-valencians-de-base-castellanoaragonesa","status":"publish","type":"post","link":"https:\/\/www.cdlpv.org\/dtl\/2008\/10\/17\/els-parlars-valencians-de-base-castellanoaragonesa\/","title":{"rendered":"Els parlars valencians de base castellanoaragonesa"},"content":{"rendered":"<p>Ferran Isabel ens informa a trav\u00e9s de la llista InfoZ\u00e8fir de la convocat\u00f2ria seg\u00fcent:<\/p>\n<blockquote>\n<h2>I Jornada sobre els Parlars Valencians de Base Castellanoaragonesa<\/h2>\n<h3>(De l\u2019Alt Millars a la Vega Baixa)<\/h3>\n<p>Val\u00e8ncia, 12 de novembre de 2008<br \/>\nF\u00f2rum de Debats de la Universitat de Val\u00e8ncia<br \/>\nAula Magna. Carrer de la Nau, 2<\/p>\n<p>Val\u00e8ncia, 13 de novembre de 2008<br \/>\nSal\u00f3 de Graus, Facultat de Filologia<br \/>\nUniversitat de Val\u00e8ncia<\/p>\n<p>Inauguraci\u00f3: F\u00f2rum de Debats de la Universitat de Val\u00e8ncia:<br \/>\nDimecres: 12 de novembre de 2008<br \/>\nDra. Pilar Garcia Mouton (CSIC), \u00abLas hablas valencianas en los Atlas Ling\u00fc\u00edsticos espa\u00f1oles\u00bb.<\/p>\n<p>Ho organitzen: Departaments de Filologia Espanyola i Filologia Catalana de la Universitat de Val\u00e8ncia.<br \/>\nHi col\u00b7laboren: IIFV, Servei de Pol\u00edtica Ling\u00fc\u00edstica UV, Federaci\u00f3 d\u2019Instituts d\u2019Estudis Comarcals FIECOV, F\u00f2rum de Debats.<\/p>\n<p><b>Informaci\u00f3 i inscripcions:<\/b><br \/>\nDep. de Filologia Catalana<br \/>\nUniversitat de Val\u00e8ncia<br \/>\nAv. Blasco Ib\u00e0\u00f1ez, 32<br \/>\n46010 Val\u00e8ncia<br \/>\nTel. 96 386 42 55<br \/>\n<em>e-mail:<\/em> <a href=\"mailto:Inmaculada.Carrasquer@uv.es\">Inmaculada.Carrasquer@uv.es<\/a><br \/>\n(Les inscripcions es faran preferiblement per correu electr\u00f2nic, indicant les dades personals: cognoms i nom, adre\u00e7a, poblaci\u00f3, tel\u00e8fon, codi postal i adre\u00e7a electr\u00f2nica).<\/p>\n<p><b>INSCRIPCI\u00d3 GRATU\u00cfTA<\/b><\/p>\n<p><b>Comit\u00e9 cient\u00edfic:<\/b><br \/>\nAntonio Briz, Joan Rafael Ramos, Llu\u00eds Gimeno, Jordi Colomina, Margarita Porcar, Francisco Gimeno, Natividad Nebot i M\u00e1ximo Torreblanca.\n<\/p><\/blockquote>\n","protected":false},"excerpt":{"rendered":"<p>Ferran Isabel ens informa a trav\u00e9s de la llista InfoZ\u00e8fir de la convocat\u00f2ria seg\u00fcent: I Jornada sobre els Parlars Valencians de Base Castellanoaragonesa (De l\u2019Alt Millars a la Vega Baixa) Val\u00e8ncia, 12 de novembre de 2008 F\u00f2rum de Debats de la Universitat de Val\u00e8ncia Aula Magna. Carrer de la Nau, 2 Val\u00e8ncia, 13 de novembre [&hellip;]<\/p>\n","protected":false},"author":2,"featured_media":0,"comment_status":"open","ping_status":"open","sticky":false,"template":"","format":"standard","meta":{"footnotes":""},"categories":[2,10,1],"tags":[142,258],"class_list":["post-571","post","type-post","status-publish","format-standard","hentry","category-comunicacio","category-formacio","category-general","tag-dialectologia","tag-jornades"],"_links":{"self":[{"href":"https:\/\/www.cdlpv.org\/dtl\/wp-json\/wp\/v2\/posts\/571","targetHints":{"allow":["GET"]}}],"collection":[{"href":"https:\/\/www.cdlpv.org\/dtl\/wp-json\/wp\/v2\/posts"}],"about":[{"href":"https:\/\/www.cdlpv.org\/dtl\/wp-json\/wp\/v2\/types\/post"}],"author":[{"embeddable":true,"href":"https:\/\/www.cdlpv.org\/dtl\/wp-json\/wp\/v2\/users\/2"}],"replies":[{"embeddable":true,"href":"https:\/\/www.cdlpv.org\/dtl\/wp-json\/wp\/v2\/comments?post=571"}],"version-history":[{"count":0,"href":"https:\/\/www.cdlpv.org\/dtl\/wp-json\/wp\/v2\/posts\/571\/revisions"}],"wp:attachment":[{"href":"https:\/\/www.cdlpv.org\/dtl\/wp-json\/wp\/v2\/media?parent=571"}],"wp:term":[{"taxonomy":"category","embeddable":true,"href":"https:\/\/www.cdlpv.org\/dtl\/wp-json\/wp\/v2\/categories?post=571"},{"taxonomy":"post_tag","embeddable":true,"href":"https:\/\/www.cdlpv.org\/dtl\/wp-json\/wp\/v2\/tags?post=571"}],"curies":[{"name":"wp","href":"https:\/\/api.w.org\/{rel}","templated":true}]}}