{"id":569,"date":"2008-10-17T19:06:56","date_gmt":"2008-10-17T18:06:56","guid":{"rendered":"http:\/\/www.cdlpv.org\/dtl\/?p=569"},"modified":"2008-10-17T19:06:56","modified_gmt":"2008-10-17T18:06:56","slug":"la-carta-europea-de-les-llengues-i-la-justicia","status":"publish","type":"post","link":"https:\/\/www.cdlpv.org\/dtl\/2008\/10\/17\/la-carta-europea-de-les-llengues-i-la-justicia\/","title":{"rendered":"La Carta europea de les lleng\u00fces i la just\u00edcia"},"content":{"rendered":"<p>Xavier Rull ens informa a trav\u00e9s de la llista InfoZ\u00e8fir de la convocat\u00f2ria seg\u00fcent:<\/p>\n<blockquote>\n<h2>IV Jornada &#8211; La Carta Europea de les Lleng\u00fces Regionals i Minorit\u00e0ries i la seva aplicaci\u00f3 a l\u2019Administraci\u00f3 de Just\u00edcia<\/h2>\n<p><b>Dia:<\/b> divendres 24 d\u2019octubre del 2008<br \/>\n<b>Hora:<\/b> 16 h<br \/>\n<b>Lloc:<\/b> Museu d\u2019Hist\u00f2ria de Catalunya (Barcelona)<\/p>\n<p>M\u00e9s informaci\u00f3 a: <a href=\"http:\/\/www.juristesperlallengua.cat\/\" target=\"_blank\"> Juristes per la Llengua<\/a>\n<\/p><\/blockquote>\n","protected":false},"excerpt":{"rendered":"<p>Xavier Rull ens informa a trav\u00e9s de la llista InfoZ\u00e8fir de la convocat\u00f2ria seg\u00fcent: IV Jornada &#8211; La Carta Europea de les Lleng\u00fces Regionals i Minorit\u00e0ries i la seva aplicaci\u00f3 a l\u2019Administraci\u00f3 de Just\u00edcia Dia: divendres 24 d\u2019octubre del 2008 Hora: 16 h Lloc: Museu d\u2019Hist\u00f2ria de Catalunya (Barcelona) M\u00e9s informaci\u00f3 a: Juristes per la [&hellip;]<\/p>\n","protected":false},"author":2,"featured_media":0,"comment_status":"open","ping_status":"open","sticky":false,"template":"","format":"standard","meta":{"footnotes":""},"categories":[2,4,1],"tags":[90,261],"class_list":["post-569","post","type-post","status-publish","format-standard","hentry","category-comunicacio","category-dret","category-general","tag-carta-europea","tag-juristes-per-la-llengua"],"_links":{"self":[{"href":"https:\/\/www.cdlpv.org\/dtl\/wp-json\/wp\/v2\/posts\/569","targetHints":{"allow":["GET"]}}],"collection":[{"href":"https:\/\/www.cdlpv.org\/dtl\/wp-json\/wp\/v2\/posts"}],"about":[{"href":"https:\/\/www.cdlpv.org\/dtl\/wp-json\/wp\/v2\/types\/post"}],"author":[{"embeddable":true,"href":"https:\/\/www.cdlpv.org\/dtl\/wp-json\/wp\/v2\/users\/2"}],"replies":[{"embeddable":true,"href":"https:\/\/www.cdlpv.org\/dtl\/wp-json\/wp\/v2\/comments?post=569"}],"version-history":[{"count":0,"href":"https:\/\/www.cdlpv.org\/dtl\/wp-json\/wp\/v2\/posts\/569\/revisions"}],"wp:attachment":[{"href":"https:\/\/www.cdlpv.org\/dtl\/wp-json\/wp\/v2\/media?parent=569"}],"wp:term":[{"taxonomy":"category","embeddable":true,"href":"https:\/\/www.cdlpv.org\/dtl\/wp-json\/wp\/v2\/categories?post=569"},{"taxonomy":"post_tag","embeddable":true,"href":"https:\/\/www.cdlpv.org\/dtl\/wp-json\/wp\/v2\/tags?post=569"}],"curies":[{"name":"wp","href":"https:\/\/api.w.org\/{rel}","templated":true}]}}