{"id":551,"date":"2008-10-15T13:45:13","date_gmt":"2008-10-15T12:45:13","guid":{"rendered":"http:\/\/www.cdlpv.org\/dtl\/?p=551"},"modified":"2008-10-15T13:45:13","modified_gmt":"2008-10-15T12:45:13","slug":"navegar-en-catala","status":"publish","type":"post","link":"https:\/\/www.cdlpv.org\/dtl\/2008\/10\/15\/navegar-en-catala\/","title":{"rendered":"Navegar en catal\u00e0"},"content":{"rendered":"<p>La difusi\u00f3 de la llengua t\u00e9 molts vessants. Per exemple, pel cant\u00f3 de les estad\u00edstiques d&#8217;\u00fas en Internet, que poden refor\u00e7ar molt l&#8217;\u00fas del catal\u00e0 l&#8217;\u00e0mbit del programari i dels mitjans d&#8217;informaci\u00f3 i comunicaci\u00f3.<\/p>\n<p>Marc Belzunces comenta una mica eixa q\u00fcesti\u00f3 en una entrada del seu <a href=\"http:\/\/blocs.mesvilaweb.cat\/node\/view\/id\/108618\" target=\"_blank\">bloc<\/a>, \u00abLes 40 lleng\u00fces de Google, o la import\u00e0ncia de tenir el navegador en catal\u00e0\u00bb, on conta les raons d&#8217;\u00d2scar del Pozo, enginyer de Google, per a afegir el catal\u00e0 com a primera opci\u00f3 d&#8217;idioma en els navegadors (opci\u00f3 que tenen tots els navegadors i que no t\u00e9 res a vore amb la llengua dels men\u00fas del navegador):<\/p>\n<blockquote><p>\nL&#8217;\u00d2scar ens va explicar que l&#8217;any passat Google va analitzar les lleng\u00fces dels usuaris del web i es va trobar que si s&#8217;agafaven 40 lleng\u00fces, es cobrien el 99% dels usuaris <em>(fins que no revisi el v\u00eddeo de l&#8217;esdeveniment, no estic segur que aquest sigui exactament el tant per cent).<\/em> I aquestes 40 lleng\u00fces s\u00f3n les lleng\u00fces que Google t\u00e9 pensat utilitzar en els seus serveis.<\/p>\n<p>Sembla ser que el catal\u00e0 va entrar entre les 40 per poc. Aix\u00f2 contrasta amb la posici\u00f3 25\/20\/15 que ocupa en altres r\u00e0nquings. Cal diferenciar entre la creaci\u00f3 activa de contingut\/traduccions (la posici\u00f3 25\/20\/15), i la posici\u00f3 dels usuaris pasius, la 40 de Google.\n<\/p><\/blockquote>\n","protected":false},"excerpt":{"rendered":"<p>La difusi\u00f3 de la llengua t\u00e9 molts vessants. Per exemple, pel cant\u00f3 de les estad\u00edstiques d&#8217;\u00fas en Internet, que poden refor\u00e7ar molt l&#8217;\u00fas del catal\u00e0 l&#8217;\u00e0mbit del programari i dels mitjans d&#8217;informaci\u00f3 i comunicaci\u00f3. Marc Belzunces comenta una mica eixa q\u00fcesti\u00f3 en una entrada del seu bloc, \u00abLes 40 lleng\u00fces de Google, o la import\u00e0ncia [&hellip;]<\/p>\n","protected":false},"author":2,"featured_media":0,"comment_status":"open","ping_status":"open","sticky":false,"template":"","format":"standard","meta":{"footnotes":""},"categories":[2,1,12,47],"tags":[249],"class_list":["post-551","post","type-post","status-publish","format-standard","hentry","category-comunicacio","category-general","category-informatica","category-planificacio","tag-internet"],"_links":{"self":[{"href":"https:\/\/www.cdlpv.org\/dtl\/wp-json\/wp\/v2\/posts\/551","targetHints":{"allow":["GET"]}}],"collection":[{"href":"https:\/\/www.cdlpv.org\/dtl\/wp-json\/wp\/v2\/posts"}],"about":[{"href":"https:\/\/www.cdlpv.org\/dtl\/wp-json\/wp\/v2\/types\/post"}],"author":[{"embeddable":true,"href":"https:\/\/www.cdlpv.org\/dtl\/wp-json\/wp\/v2\/users\/2"}],"replies":[{"embeddable":true,"href":"https:\/\/www.cdlpv.org\/dtl\/wp-json\/wp\/v2\/comments?post=551"}],"version-history":[{"count":0,"href":"https:\/\/www.cdlpv.org\/dtl\/wp-json\/wp\/v2\/posts\/551\/revisions"}],"wp:attachment":[{"href":"https:\/\/www.cdlpv.org\/dtl\/wp-json\/wp\/v2\/media?parent=551"}],"wp:term":[{"taxonomy":"category","embeddable":true,"href":"https:\/\/www.cdlpv.org\/dtl\/wp-json\/wp\/v2\/categories?post=551"},{"taxonomy":"post_tag","embeddable":true,"href":"https:\/\/www.cdlpv.org\/dtl\/wp-json\/wp\/v2\/tags?post=551"}],"curies":[{"name":"wp","href":"https:\/\/api.w.org\/{rel}","templated":true}]}}