{"id":546,"date":"2008-10-13T19:51:11","date_gmt":"2008-10-13T18:51:11","guid":{"rendered":"http:\/\/www.cdlpv.org\/dtl\/?p=546"},"modified":"2008-10-13T19:51:11","modified_gmt":"2008-10-13T18:51:11","slug":"denegat-el-tancament-de-la-perenxisa","status":"publish","type":"post","link":"https:\/\/www.cdlpv.org\/dtl\/2008\/10\/13\/denegat-el-tancament-de-la-perenxisa\/","title":{"rendered":"Denegat el tancament de la Perenxisa"},"content":{"rendered":"<p>El diari <em>Avui<\/em> <a href=\"http:\/\/www.avui.cat\/cultura_comunicacio\/detail.php?id=43424\" target=\"_blank\">(13.10.2008)<\/a> ens informa d&#8217;una nova actuaci\u00f3 judicial que protegix els drets a la lliure informaci\u00f3 i comunicaci\u00f3 dels ciutadans valencians:<\/p>\n<blockquote>\n<h2>Una resoluci\u00f3 judicial impedeix el tancament de TV3 al Pa\u00eds Valenci\u00e0<\/h2>\n<h3>El Jutjat n\u00famero 5 de Val\u00e8ncia denega a la Generalitat Valenciana l&#8217;autoritzaci\u00f3 per tancar el repetidor situat a la serra Perenxisa perqu\u00e8 vulneraria \u00abel dret a la llibertat d&#8217;expressi\u00f3 i comunicaci\u00f3 reconegut en la Constituci\u00f3\u00bb<\/h3>\n<\/blockquote>\n<p>Conv\u00e9 deixar const\u00e0ncia que la Generalitat Valenciana que pret\u00e9n tancar una de les fonts d&#8217;informaci\u00f3 dels valencians \u00e9s la que dirigix actualment Francisco Camps Ortiz i altres membres del <span class=\"versaleta\">pp<\/span>.<\/p>\n","protected":false},"excerpt":{"rendered":"<p>El diari Avui (13.10.2008) ens informa d&#8217;una nova actuaci\u00f3 judicial que protegix els drets a la lliure informaci\u00f3 i comunicaci\u00f3 dels ciutadans valencians: Una resoluci\u00f3 judicial impedeix el tancament de TV3 al Pa\u00eds Valenci\u00e0 El Jutjat n\u00famero 5 de Val\u00e8ncia denega a la Generalitat Valenciana l&#8217;autoritzaci\u00f3 per tancar el repetidor situat a la serra Perenxisa [&hellip;]<\/p>\n","protected":false},"author":2,"featured_media":0,"comment_status":"open","ping_status":"open","sticky":false,"template":"","format":"standard","meta":{"footnotes":""},"categories":[2,4,1,34],"tags":[266,487],"class_list":["post-546","post","type-post","status-publish","format-standard","hentry","category-comunicacio","category-dret","category-general","category-tv3","tag-jutjats","tag-tv3"],"_links":{"self":[{"href":"https:\/\/www.cdlpv.org\/dtl\/wp-json\/wp\/v2\/posts\/546","targetHints":{"allow":["GET"]}}],"collection":[{"href":"https:\/\/www.cdlpv.org\/dtl\/wp-json\/wp\/v2\/posts"}],"about":[{"href":"https:\/\/www.cdlpv.org\/dtl\/wp-json\/wp\/v2\/types\/post"}],"author":[{"embeddable":true,"href":"https:\/\/www.cdlpv.org\/dtl\/wp-json\/wp\/v2\/users\/2"}],"replies":[{"embeddable":true,"href":"https:\/\/www.cdlpv.org\/dtl\/wp-json\/wp\/v2\/comments?post=546"}],"version-history":[{"count":0,"href":"https:\/\/www.cdlpv.org\/dtl\/wp-json\/wp\/v2\/posts\/546\/revisions"}],"wp:attachment":[{"href":"https:\/\/www.cdlpv.org\/dtl\/wp-json\/wp\/v2\/media?parent=546"}],"wp:term":[{"taxonomy":"category","embeddable":true,"href":"https:\/\/www.cdlpv.org\/dtl\/wp-json\/wp\/v2\/categories?post=546"},{"taxonomy":"post_tag","embeddable":true,"href":"https:\/\/www.cdlpv.org\/dtl\/wp-json\/wp\/v2\/tags?post=546"}],"curies":[{"name":"wp","href":"https:\/\/api.w.org\/{rel}","templated":true}]}}