{"id":536,"date":"2008-10-08T10:18:29","date_gmt":"2008-10-08T09:18:29","guid":{"rendered":"http:\/\/www.cdlpv.org\/dtl\/?p=536"},"modified":"2008-10-08T10:18:29","modified_gmt":"2008-10-08T09:18:29","slug":"entitats-locals-menors-valencianes","status":"publish","type":"post","link":"https:\/\/www.cdlpv.org\/dtl\/2008\/10\/08\/entitats-locals-menors-valencianes\/","title":{"rendered":"Entitats locals menors valencianes"},"content":{"rendered":"<p><a href=\"http:\/\/www.geocities.com\/golls.geo\/\" target=\"_blank\" title=\"Eines de Llengua\"><img decoding=\"async\" src=\"http:\/\/www.geocities.com\/golls.geo\/edl3.png\" alt=\"Eines de Llengua\"><\/a><br \/>\n<br \/>Hem incl\u00f2s els noms de les entitats locals menors (tamb\u00e9 denominades \u00abentitats locals d&#8217;\u00e0mbit territorial inferior al municipal\u00bb o \u00abentitats d&#8217;\u00e0mbit inferior al municipi\u00bb) en la <a href=\"http:\/\/www.geocities.com\/golls.geo\/Fitxes\/Textos\/P\/pobles.htm\" target=\"_blank\">fitxa<\/a> referent a les denominacions oficials dels municipis valencians. Hem localitzat les entitats seg\u00fcents:<\/p>\n<blockquote>\n<ol>\n<li>Barraca d&#8217;Aig\u00fces Vives, la (Alzira) <tt>[D 12\/2000, <span class=\"versaleta\"><em>dogv<\/em><\/span> 3.676, 28.01.2000]<\/tt><\/li>\n<li>Bellestar, el<sup>?<\/sup> (la Pobla de Benifass\u00e0)  <tt>[Trobem una refer\u00e8ncia a la seua condici\u00f3 d'entitat local menor en el D 57\/2006, <span class=\"versaleta\"><em>dogv<\/em><\/span> 5.252, 05.05.2006]<\/tt><\/li>\n<li>Jes\u00fas Pobre (D\u00e9nia) <tt>[D 21\/1999, <span class=\"versaleta\"><em>docv<\/em><\/span> 3.435, 16.02.1999]<\/tt><\/li>\n<li>Llosa de Camacho, la (Alcalal\u00ed) <tt>[D 70\/1996, <span class=\"versaleta\"><em>dogv<\/em><\/span> 2.723, 04.04.1996]<\/tt><\/li>\n<li>Mareny de Barraquetes <tt>[D 137\/2008, <span class=\"versaleta\"><em>docv<\/em><\/span> 5.855, 23.09.2008]<\/tt><\/li>\n<li>Perell\u00f3, el (Sueca) <tt>[D 43\/1999, <span class=\"versaleta\"><em>dogv<\/em><\/span> 3.463, 29.03.1999]<\/tt><\/li>\n<li>Xara, la (D\u00e9nia) <tt>[D 73\/1994, <span class=\"versaleta\"><em>dogv<\/em><\/span> 2.254, 27.04.1994]<\/tt><\/li>\n<\/ol>\n<\/blockquote>\n","protected":false},"excerpt":{"rendered":"<p>Hem incl\u00f2s els noms de les entitats locals menors (tamb\u00e9 denominades \u00abentitats locals d&#8217;\u00e0mbit territorial inferior al municipal\u00bb o \u00abentitats d&#8217;\u00e0mbit inferior al municipi\u00bb) en la fitxa referent a les denominacions oficials dels municipis valencians. Hem localitzat les entitats seg\u00fcents: Barraca d&#8217;Aig\u00fces Vives, la (Alzira) [D 12\/2000, dogv 3.676, 28.01.2000] Bellestar, el? (la Pobla de [&hellip;]<\/p>\n","protected":false},"author":2,"featured_media":0,"comment_status":"open","ping_status":"open","sticky":false,"template":"","format":"standard","meta":{"footnotes":""},"categories":[6,1,32],"tags":[372],"class_list":["post-536","post","type-post","status-publish","format-standard","hentry","category-eines-de-llengua","category-general","category-toponimia","tag-pobles"],"_links":{"self":[{"href":"https:\/\/www.cdlpv.org\/dtl\/wp-json\/wp\/v2\/posts\/536","targetHints":{"allow":["GET"]}}],"collection":[{"href":"https:\/\/www.cdlpv.org\/dtl\/wp-json\/wp\/v2\/posts"}],"about":[{"href":"https:\/\/www.cdlpv.org\/dtl\/wp-json\/wp\/v2\/types\/post"}],"author":[{"embeddable":true,"href":"https:\/\/www.cdlpv.org\/dtl\/wp-json\/wp\/v2\/users\/2"}],"replies":[{"embeddable":true,"href":"https:\/\/www.cdlpv.org\/dtl\/wp-json\/wp\/v2\/comments?post=536"}],"version-history":[{"count":0,"href":"https:\/\/www.cdlpv.org\/dtl\/wp-json\/wp\/v2\/posts\/536\/revisions"}],"wp:attachment":[{"href":"https:\/\/www.cdlpv.org\/dtl\/wp-json\/wp\/v2\/media?parent=536"}],"wp:term":[{"taxonomy":"category","embeddable":true,"href":"https:\/\/www.cdlpv.org\/dtl\/wp-json\/wp\/v2\/categories?post=536"},{"taxonomy":"post_tag","embeddable":true,"href":"https:\/\/www.cdlpv.org\/dtl\/wp-json\/wp\/v2\/tags?post=536"}],"curies":[{"name":"wp","href":"https:\/\/api.w.org\/{rel}","templated":true}]}}