{"id":524,"date":"2008-10-07T20:47:52","date_gmt":"2008-10-07T19:47:52","guid":{"rendered":"http:\/\/www.cdlpv.org\/dtl\/?p=524"},"modified":"2008-10-07T20:47:52","modified_gmt":"2008-10-07T19:47:52","slug":"524","status":"publish","type":"post","link":"https:\/\/www.cdlpv.org\/dtl\/2008\/10\/07\/524\/","title":{"rendered":"Les lleng\u00fces en Le Monde Diplomatique"},"content":{"rendered":"<p>La llista <a href=\"http:\/\/groups.google.com\/group\/infoedicat?hl=ca \" target=\"_blank\">Infoedicat<\/a> ens informa d&#8217;uns continguts interessants en <em>Le Monde Diplomatique<\/em> sobre la \u00abguerra de les lleng\u00fces\u00bb a Espanya i el pluriling\u00fcisme:<\/p>\n<blockquote>\n<h5><em>Le Monde Diplomatique<\/em> (edici\u00f3 espanyola; no disponible en l\u00ednia en cap llengua), setembre 2008, n\u00famero 155<\/h5>\n<h3>Sobre l&#8217;imperialisme ling\u00fc\u00edstic<\/h3>\n<h2>La guerra de les lleng\u00fces a Espanya<\/h2>\n<h5>Per Ram\u00f3n Chao<\/h5>\n<p><em>RESUM [Tradu\u00eft per al <span class=\"versaleta\">dtl<\/span> amb l&#8217;ajuda d&#8217;Internostrum]<\/em><br \/>\nEn la seua \u00faltima campanya electoral, Jos\u00e9 Luis Rodr\u00edguez Zapatero va prometre que d&#8217;ac\u00ed a deu anys tots els xiquets d&#8217;Espanya sabrien parlar angl\u00e9s. Per a comen\u00e7ar &mdash;i no \u00e9s poc&mdash; el candidat socialdem\u00f2crata va proposar que, abans de quatre anys, el 15% de les assignatures del sistema educatiu espanyol foren impartides en angl\u00e9s. Aquesta submissi\u00f3 a la \u00abllengua dels amos\u00bb resulta xocant. Perqu\u00e8 l&#8217;actual situaci\u00f3 dominant de l&#8217;angl\u00e9s est\u00e0 lligada al colonialisme brit\u00e0nic i, sobretot, al domini mundial dels Estats Units. No nom\u00e9s l&#8217;angl\u00e9s est\u00e0 per tot el m\u00f3n, sin\u00f3 que, en el m\u00f3n, quasi tot est\u00e0 en angl\u00e9s. En eixe context, la campanya actual a Espanya contra les lleng\u00fces perif\u00e8riques, abanderada per la dreta i bona part de la mateixa socialdemocr\u00e0cia sembla m\u00e9s que absurda. Si el castell\u00e0 est\u00e0 en perill, \u00e9s perqu\u00e8 l&#8217;angloameric\u00e0 &mdash;i no el catal\u00e0, ni l&#8217;\u00e8uscar, ni el gallec&mdash; l&#8217;acorrala cada vegada m\u00e9s.<\/p>\n<p><center>\u00ab&mdash;\u00bb<\/center><\/p>\n<h2>Un monde polyglotte pour \u00e9chapper \u00e0 la dictature de l\u2019anglais<\/h2>\n<h5>Bernard Cassen<\/h5>\n<h5><em>Le Monde Diplomatique<\/em> (edici\u00f3 francesa), gener del 2005<\/h5>\n<p><a href=\"http:\/\/www.monde-diplomatique.fr\/2005\/01\/CASSEN\/11819\" target=\"_blank\">Original franc\u00e8s<\/a><br \/>\n<a href=\"http:\/\/www.mondiplomatic.com\/pn\/html\/modules.php?op=modload&#038;name=News&#038;file=article&#038;sid=689&#038;mode=thread&#038;order=0&#038;thold=0&#038;edicio=71\" target=\"_blank\">Catal\u00e0<\/a><br \/>\n<a href=\"http:\/\/diplo.uol.com.br\/2005-02,a1069\" target=\"_blank\">Portugu\u00e8s del Brasil<\/a><br \/>\n<a href=\"http:\/\/eo.mondediplo.com\/article966.html\" target=\"_blank\">Esperanto<\/a><\/p>\n<p><center>\u00ab&mdash;\u00bb<\/center><\/p>\n<h2>Esprit de famille<\/h2>\n<h5>Fran\u00e7oise Ploquin<\/h5>\n<h5><em>Le Monde Diplomatique<\/em> (edici\u00f3 francesa), gener del 2005<\/h5>\n<p><a href=\"http:\/\/www.monde-diplomatique.fr\/2005\/01\/PLOQUIN\/11842\" target=\"_blank\">Original franc\u00e8s<\/a><br \/>\n<a href=\"http:\/\/www.mondiplomatic.com\/pn\/html\/modules.php?op=modload&#038;name=News&#038;file=article&#038;sid=690&#038;mode=thread&#038;order=0&#038;thold=0\" target=\"_blank\">Catal\u00e0<\/a><br \/>\n<a href=\"http:\/\/eo.mondediplo.com\/article968.html\" target=\"_blank\">Esperanto<\/a><br \/>\n<a href=\"http:\/\/mondediplo.com\/2005\/03\/16comprehension\" target=\"_blank\">Angl\u00e8s<\/a><\/p>\n<p><center>\u00ab&mdash;\u00bb<\/center><\/p>\n<h2>La bataille des langues<\/h2>\n<h5><a href=\"http:\/\/www.monde-diplomatique.fr\/mav\/97\/\" target=\"_blank\"><em>Le Monde Diplomatique<\/em>, n\u00fam. 97 \/ febrer-mar\u00e7 2008<\/a><\/h5>\n<\/blockquote>\n","protected":false},"excerpt":{"rendered":"<p>La llista Infoedicat ens informa d&#8217;uns continguts interessants en Le Monde Diplomatique sobre la \u00abguerra de les lleng\u00fces\u00bb a Espanya i el pluriling\u00fcisme: Le Monde Diplomatique (edici\u00f3 espanyola; no disponible en l\u00ednia en cap llengua), setembre 2008, n\u00famero 155 Sobre l&#8217;imperialisme ling\u00fc\u00edstic La guerra de les lleng\u00fces a Espanya Per Ram\u00f3n Chao RESUM [Tradu\u00eft per [&hellip;]<\/p>\n","protected":false},"author":2,"featured_media":0,"comment_status":"open","ping_status":"open","sticky":false,"template":"","format":"standard","meta":{"footnotes":""},"categories":[2,3,1,27],"tags":[244,272,287],"class_list":["post-524","post","type-post","status-publish","format-standard","hentry","category-comunicacio","category-documentacio","category-general","category-sociolinguistica","tag-infoedicat","tag-le-mode-diplomatique","tag-llengues"],"_links":{"self":[{"href":"https:\/\/www.cdlpv.org\/dtl\/wp-json\/wp\/v2\/posts\/524","targetHints":{"allow":["GET"]}}],"collection":[{"href":"https:\/\/www.cdlpv.org\/dtl\/wp-json\/wp\/v2\/posts"}],"about":[{"href":"https:\/\/www.cdlpv.org\/dtl\/wp-json\/wp\/v2\/types\/post"}],"author":[{"embeddable":true,"href":"https:\/\/www.cdlpv.org\/dtl\/wp-json\/wp\/v2\/users\/2"}],"replies":[{"embeddable":true,"href":"https:\/\/www.cdlpv.org\/dtl\/wp-json\/wp\/v2\/comments?post=524"}],"version-history":[{"count":0,"href":"https:\/\/www.cdlpv.org\/dtl\/wp-json\/wp\/v2\/posts\/524\/revisions"}],"wp:attachment":[{"href":"https:\/\/www.cdlpv.org\/dtl\/wp-json\/wp\/v2\/media?parent=524"}],"wp:term":[{"taxonomy":"category","embeddable":true,"href":"https:\/\/www.cdlpv.org\/dtl\/wp-json\/wp\/v2\/categories?post=524"},{"taxonomy":"post_tag","embeddable":true,"href":"https:\/\/www.cdlpv.org\/dtl\/wp-json\/wp\/v2\/tags?post=524"}],"curies":[{"name":"wp","href":"https:\/\/api.w.org\/{rel}","templated":true}]}}