{"id":518,"date":"2008-10-01T14:10:40","date_gmt":"2008-10-01T13:10:40","guid":{"rendered":"http:\/\/www.cdlpv.org\/dtl\/?p=518"},"modified":"2008-10-01T14:10:40","modified_gmt":"2008-10-01T13:10:40","slug":"es-consolida-la-nova-ortografia-portuguesa-de-1990","status":"publish","type":"post","link":"https:\/\/www.cdlpv.org\/dtl\/2008\/10\/01\/es-consolida-la-nova-ortografia-portuguesa-de-1990\/","title":{"rendered":"Es consolida la nova ortografia portuguesa de 1990"},"content":{"rendered":"<p>Ens assabentem a trav\u00e9s de <a href=\"http:\/\/www.pagina26.com\/tendencies\/la-nova-ortografia-del-portugues-es-un-fet-despres-que-brasil-signara-lacord-de-reforma.html\" target=\"_blank\">P\u00e0gina 26<\/a> de la consolidaci\u00f3 definitiva de la nova ortografia portuguesa (de 1990), fet que es va formalitzar dilluns passat quan Lula da Silva, el president brasiler, va firmar l&#8217;acord:<\/p>\n<blockquote><p>\n[D]&#8217;ara en avant s&#8217;incorporaran la \u00abk\u00bb, la \u00abw\u00bb i la \u00aby\u00bb a l&#8217;alfabet, que passar\u00e0 de 23 a 26 lletres. Entre els altres 20 canvis, cal destacar les noves regles sobre l&#8217;\u00fas del guionet, la supressi\u00f3 de la di\u00e8resi o les noves regles d&#8217;accentuaci\u00f3.\n<\/p><\/blockquote>\n<p>Com ja sab\u00edem per ac\u00ed, de m\u00e9s verdes en maduren.<\/p>\n","protected":false},"excerpt":{"rendered":"<p>Ens assabentem a trav\u00e9s de P\u00e0gina 26 de la consolidaci\u00f3 definitiva de la nova ortografia portuguesa (de 1990), fet que es va formalitzar dilluns passat quan Lula da Silva, el president brasiler, va firmar l&#8217;acord: [D]&#8217;ara en avant s&#8217;incorporaran la \u00abk\u00bb, la \u00abw\u00bb i la \u00aby\u00bb a l&#8217;alfabet, que passar\u00e0 de 23 a 26 lletres. [&hellip;]<\/p>\n","protected":false},"author":2,"featured_media":0,"comment_status":"open","ping_status":"open","sticky":false,"template":"","format":"standard","meta":{"footnotes":""},"categories":[1,17],"tags":[378],"class_list":["post-518","post","type-post","status-publish","format-standard","hentry","category-general","category-normativa","tag-portugues"],"_links":{"self":[{"href":"https:\/\/www.cdlpv.org\/dtl\/wp-json\/wp\/v2\/posts\/518","targetHints":{"allow":["GET"]}}],"collection":[{"href":"https:\/\/www.cdlpv.org\/dtl\/wp-json\/wp\/v2\/posts"}],"about":[{"href":"https:\/\/www.cdlpv.org\/dtl\/wp-json\/wp\/v2\/types\/post"}],"author":[{"embeddable":true,"href":"https:\/\/www.cdlpv.org\/dtl\/wp-json\/wp\/v2\/users\/2"}],"replies":[{"embeddable":true,"href":"https:\/\/www.cdlpv.org\/dtl\/wp-json\/wp\/v2\/comments?post=518"}],"version-history":[{"count":0,"href":"https:\/\/www.cdlpv.org\/dtl\/wp-json\/wp\/v2\/posts\/518\/revisions"}],"wp:attachment":[{"href":"https:\/\/www.cdlpv.org\/dtl\/wp-json\/wp\/v2\/media?parent=518"}],"wp:term":[{"taxonomy":"category","embeddable":true,"href":"https:\/\/www.cdlpv.org\/dtl\/wp-json\/wp\/v2\/categories?post=518"},{"taxonomy":"post_tag","embeddable":true,"href":"https:\/\/www.cdlpv.org\/dtl\/wp-json\/wp\/v2\/tags?post=518"}],"curies":[{"name":"wp","href":"https:\/\/api.w.org\/{rel}","templated":true}]}}