{"id":513,"date":"2008-10-01T08:47:41","date_gmt":"2008-10-01T07:47:41","guid":{"rendered":"http:\/\/www.cdlpv.org\/dtl\/?p=513"},"modified":"2008-10-01T08:47:41","modified_gmt":"2008-10-01T07:47:41","slug":"segona-provisio-de-quatre-llocs-de-tecnics-en-lavl","status":"publish","type":"post","link":"https:\/\/www.cdlpv.org\/dtl\/2008\/10\/01\/segona-provisio-de-quatre-llocs-de-tecnics-en-lavl\/","title":{"rendered":"Segona provisi\u00f3 de quatre llocs de t\u00e8cnics en l&#8217;AVL"},"content":{"rendered":"<p>El <span class=\"versaleta\">cidaj<\/span> ens envia la informaci\u00f3 seg\u00fcent:<\/p>\n<blockquote><p>\nRESOLUCI\u00d3 de 18 de setembre del 2008, de la Presid\u00e8ncia de l&#8217;Acad\u00e8mia Valenciana de la Llengua, per la qual es convoca un concurs de m\u00e8rits per a la provisi\u00f3 de quatre llocs de naturalesa funcionarial, sector administraci\u00f3 especial, grup B (concurs 3\/2008). [2008\/10965] (<span class=\"versaleta\"><em>docv<\/em><\/span> n\u00fam. 5.857, de 25.09.2008)<br \/>\n&#8211; <a href=\"http:\/\/www.pre.gva.es\/L\/BASIS\/BDLGVPU\/WEB\/LEV_LISTADOS_TEXTO\/DDW?W=SIGNATURA_N=11044+AND+SIGNATURA_A=2008&#038;R=N\" target=\"_blank\">vegeu text<\/a><\/p>\n<ul>\n<li>CORRECCI\u00d3 d&#8217;errades de la Resoluci\u00f3 de 18 de setembre del 2008, de la Presid\u00e8ncia de l&#8217;Acad\u00e8mia Valenciana de la Llengua, per la qual es convoca un concurs de m\u00e8rits per a la provisi\u00f3 de quatre llocs de naturalesa funcionarial, sector administraci\u00f3 especial, grup B (concurs 3\/2008), publicada en el <span class=\"versaleta\"><em>docv<\/em><\/span> n\u00famero 5.857, de 25 de setembre del 2008. [2008\/11173] (<span class=\"versaleta\"><em>docv<\/em><\/span> n\u00fam. 5.859, de 29.09.2008)<br \/>\n&#8211; <a href=\"http:\/\/www.pre.gva.es\/L\/BASIS\/BDLGVPU\/WEB\/LEV_LISTADOS_TEXTO\/DDW?W=SIGNATURA_N=11150+AND+SIGNATURA_A=2008&#038;R=N\" target=\"_blank\">vegeu text<\/a><\/li>\n<\/ul>\n<\/blockquote>\n<p>Es tracta dels llocs de treball de t\u00e8cnics ling\u00fc\u00edstics 15, 19, 20 i 21, que tenen la classificaci\u00f3 B 20 E038. El lloc 15 no es va cobrir en la convocat\u00f2ria anterior (<span class=\"versaleta\"><em>dtl<\/em><\/span> <a href=\"http:\/\/www.cdlpv.org\/dtl\/?p=358\" target=\"_blank\">02.04.2008<\/a> i <a href=\"http:\/\/www.cdlpv.org\/dtl\/?p=423\" target=\"_blank\">02.07.2008<\/a>).<\/p>\n","protected":false},"excerpt":{"rendered":"<p>El cidaj ens envia la informaci\u00f3 seg\u00fcent: RESOLUCI\u00d3 de 18 de setembre del 2008, de la Presid\u00e8ncia de l&#8217;Acad\u00e8mia Valenciana de la Llengua, per la qual es convoca un concurs de m\u00e8rits per a la provisi\u00f3 de quatre llocs de naturalesa funcionarial, sector administraci\u00f3 especial, grup B (concurs 3\/2008). [2008\/10965] (docv n\u00fam. 5.857, de 25.09.2008) [&hellip;]<\/p>\n","protected":false},"author":2,"featured_media":0,"comment_status":"open","ping_status":"open","sticky":false,"template":"","format":"standard","meta":{"footnotes":""},"categories":[38,43,1,24],"tags":[463],"class_list":["post-513","post","type-post","status-publish","format-standard","hentry","category-avl","category-concursos","category-general","category-requisit-linguistic","tag-tecnics"],"_links":{"self":[{"href":"https:\/\/www.cdlpv.org\/dtl\/wp-json\/wp\/v2\/posts\/513","targetHints":{"allow":["GET"]}}],"collection":[{"href":"https:\/\/www.cdlpv.org\/dtl\/wp-json\/wp\/v2\/posts"}],"about":[{"href":"https:\/\/www.cdlpv.org\/dtl\/wp-json\/wp\/v2\/types\/post"}],"author":[{"embeddable":true,"href":"https:\/\/www.cdlpv.org\/dtl\/wp-json\/wp\/v2\/users\/2"}],"replies":[{"embeddable":true,"href":"https:\/\/www.cdlpv.org\/dtl\/wp-json\/wp\/v2\/comments?post=513"}],"version-history":[{"count":0,"href":"https:\/\/www.cdlpv.org\/dtl\/wp-json\/wp\/v2\/posts\/513\/revisions"}],"wp:attachment":[{"href":"https:\/\/www.cdlpv.org\/dtl\/wp-json\/wp\/v2\/media?parent=513"}],"wp:term":[{"taxonomy":"category","embeddable":true,"href":"https:\/\/www.cdlpv.org\/dtl\/wp-json\/wp\/v2\/categories?post=513"},{"taxonomy":"post_tag","embeddable":true,"href":"https:\/\/www.cdlpv.org\/dtl\/wp-json\/wp\/v2\/tags?post=513"}],"curies":[{"name":"wp","href":"https:\/\/api.w.org\/{rel}","templated":true}]}}