{"id":51,"date":"2007-04-13T08:30:48","date_gmt":"2007-04-13T07:30:48","guid":{"rendered":"http:\/\/www.cdlpv.org\/dtl\/?p=51"},"modified":"2007-04-13T08:30:48","modified_gmt":"2007-04-13T07:30:48","slug":"alzira","status":"publish","type":"post","link":"https:\/\/www.cdlpv.org\/dtl\/2007\/04\/13\/alzira\/","title":{"rendered":"Futur llibre d&#8217;estil municipal a Alzira"},"content":{"rendered":"<p>La ret\u00f2rica del <em>pionerisme<\/em> a hores d&#8217;ara, despr\u00e9s de l&#8217;\u00fas i l&#8217;ab\u00fas de l&#8217;expressi\u00f3 que n&#8217;han fet els dirigents del Partit Popular en administracions diverses, m\u00e9s que moderna i encoratjadora sona a t\u00f2pica i r\u00e0ncia. En este cas, l&#8217;Ajuntament d&#8217;Alzira es proclama \u00abpioner\u00bb &mdash;segons diuen&mdash; en tindre un llibre d&#8217;estil. La veritat que per ara nom\u00e9s es tracta d&#8217;un anunci d&#8217;elaboraci\u00f3, cosa que sabem que entra en la din\u00e0mica propagand\u00edstica d&#8217;anunciar els esdeveniments futurs i els beneficis i avantatges que han de reportar com si foren realitats materials ja efectives. L&#8217;interminable conte de la lletera.<\/p>\n<p>Tenint en compte la quantitat d&#8217;ajuntaments que hi ha al m\u00f3n, sembla fr\u00edvol i trist que els nostres pol\u00edtics puguen pensar que encara \u00e9s motiu d&#8217;autobombo ser \u00abpioners\u00bb al Pa\u00eds Valenci\u00e0 en un tema tan b\u00e0sic. Hauria de ser motiu de reflexi\u00f3 &mdash;que la penit\u00e8ncia ja la portem molt avan\u00e7ada&mdash;. En este sentit, hi ha molts companys i companyes de l&#8217;administraci\u00f3 local que han impulsat i assajat iniciatives d&#8217;este tipus al llarg dels anys de democr\u00e0cia i encara estan esperant un m\u00ednim grau de col\u00b7laboraci\u00f3 efica\u00e7 de funcionaris i pol\u00edtics de torn. Esperem que en este cas la cosa vaja realment avant i que a Alzira m\u00e9s que \u00abpioners\u00bb en l&#8217;anunci siguen efectius en la materialitzaci\u00f3.<\/p>\n<hr \/>\n<blockquote>\n<h2>Alzira elaborar\u00e0 el primer llibre d&#8217;estil d&#8217;un ajuntament de la Comunitat i seguir\u00e0 les normes de l&#8217;AVL<\/h2>\n<h5>VAL\u00c8NCIA, 12.04.2007 dj. (EUROPA PRESS)<\/h5>\n<p>L&#8217;Ajuntament d&#8217;Alzira (Ribera Alta) ha aprovat l&#8217;elaboraci\u00f3 d&#8217;un llibre d&#8217;estil del Consistori, una iniciativa \u00abpionera en la Comunitat Valenciana, ja que ser\u00e0 el primer llibre d&#8217;estil d&#8217;una administraci\u00f3 local\u00bb, segons han informat hui fonts municipals, que han ressaltat que el volum seguir\u00e0 les normes establides per l&#8217;Acad\u00e8mia Valenciana de la Llengua (AVL).<\/p>\n<p>El document tindr\u00e0 la funci\u00f3 de definir, establir i pautar el marc formal per al conjunt de documentaci\u00f3 administrativa, tant des del punt de vista ling\u00fc\u00edstic i estil\u00edstic com de disposici\u00f3 i disseny dels documents. Igualment, contindr\u00e0 el model ling\u00fc\u00edstic i estil\u00edstic de la p\u00e0gina web municipal, campanyes institucionals, retolaci\u00f3 i senyals i qualsevol aspecte de l&#8217;administraci\u00f3 i de la comunicaci\u00f3 al si de la corporaci\u00f3 i entre la corporaci\u00f3 i els ciutadans, han explicat les mateixes fonts.<\/p>\n<p>La iniciativa ha estat presentada hui per la regidora de Cultura de la poblaci\u00f3, Consuelo Berenguer, que ha destacat el fet que es tracte \u00abdel primer ajuntament de la Comunitat Valenciana que tindr\u00e0 un llibre d&#8217;estil propi\u00bb. \u00ab\u00c9s una aposta del Consistori pel valenci\u00e0 ja que \u00e9s un desplegament del reglament d&#8217;\u00fas del valenci\u00e0 aprovat per l&#8217;Ajuntament la legislatura passada\u00bb, ha afegit.<\/p>\n<p>Berenguer ha detallat que el llibre establir\u00e0 el model de llengua i unificar\u00e0 els criteris dels documents de l&#8217;Ajuntament, \u00abel que augmentar\u00e0 l&#8217;efic\u00e0cia administrativa\u00bb, ha asseverat.<\/p>\n<p>Respecte al model ling\u00fc\u00edstic en valenci\u00e0 se seguir\u00e0 el que configure o vaja configurant l&#8217;Acad\u00e8mia Valenciana de la Llengua, tant en els seus diccionaris com en la seua gram\u00e0tica, \u00abel que vol dir a\u00e7\u00f2 que la forma priorit\u00e0ria seran les genu\u00efnes valencianes o les m\u00e9s usualment valencianes\u00bb, ha assegurat.<\/p>\n<p>De la mateixa manera seran tamb\u00e9 priorit\u00e0ries les solucions ling\u00fc\u00edstiques contingudes en el programa SALT i en general les pautes marcades pels organismes dependents de la Generalitat valenciana, \u00absense prohibir les solucions generals, per\u00f2 primant les que s&#8217;entenen per valencianes genu\u00efnes, en la l\u00ednia establida per l&#8217;AVL i de l&#8217;\u00c0rea de Pol\u00edtica Ling\u00fc\u00edstica de la Conselleria de Cultura, Educaci\u00f3 i Esport\u00bb, han recalcar fonts municipals.<\/p>\n<p>Respecte al castell\u00e0, ja que contindr\u00e0 documents en biling\u00fce, se seguiran les directrius de la RAE i, singularment, el manual d&#8217;estil de la llengua espanyola de Jos\u00e9 Mart\u00ednez de Sousa.<\/p>\n<p>El llibre d&#8217;estil s&#8217;editar\u00e0 en forma de llibre tradicional i en suport inform\u00e0tic i estar\u00e0 penjat en la p\u00e0gina web de l&#8217;ajuntament mateix. A m\u00e9s de tindre com a objectiu la unificaci\u00f3 de criteris en el disseny i en el model ling\u00fc\u00edstic administratiu, ser\u00e0 tamb\u00e9 una \u00abeina decidida en favor de l&#8217;\u00fas del valenci\u00e0 no sols a l&#8217;ajuntament mateix sin\u00f3 tamb\u00e9 un gran suport en eixe \u00fas per a la ciutadania en general, que tindr\u00e0 models de tot tipus al seu abast\u00bb, han concl\u00f2s.\n<\/p><\/blockquote>\n","protected":false},"excerpt":{"rendered":"<p>La ret\u00f2rica del pionerisme a hores d&#8217;ara, despr\u00e9s de l&#8217;\u00fas i l&#8217;ab\u00fas de l&#8217;expressi\u00f3 que n&#8217;han fet els dirigents del Partit Popular en administracions diverses, m\u00e9s que moderna i encoratjadora sona a t\u00f2pica i r\u00e0ncia. En este cas, l&#8217;Ajuntament d&#8217;Alzira es proclama \u00abpioner\u00bb &mdash;segons diuen&mdash; en tindre un llibre d&#8217;estil. La veritat que per ara [&hellip;]<\/p>\n","protected":false},"author":2,"featured_media":0,"comment_status":"open","ping_status":"open","sticky":false,"template":"","format":"standard","meta":{"footnotes":""},"categories":[38,1,17,47],"tags":[],"class_list":["post-51","post","type-post","status-publish","format-standard","hentry","category-avl","category-general","category-normativa","category-planificacio"],"_links":{"self":[{"href":"https:\/\/www.cdlpv.org\/dtl\/wp-json\/wp\/v2\/posts\/51","targetHints":{"allow":["GET"]}}],"collection":[{"href":"https:\/\/www.cdlpv.org\/dtl\/wp-json\/wp\/v2\/posts"}],"about":[{"href":"https:\/\/www.cdlpv.org\/dtl\/wp-json\/wp\/v2\/types\/post"}],"author":[{"embeddable":true,"href":"https:\/\/www.cdlpv.org\/dtl\/wp-json\/wp\/v2\/users\/2"}],"replies":[{"embeddable":true,"href":"https:\/\/www.cdlpv.org\/dtl\/wp-json\/wp\/v2\/comments?post=51"}],"version-history":[{"count":0,"href":"https:\/\/www.cdlpv.org\/dtl\/wp-json\/wp\/v2\/posts\/51\/revisions"}],"wp:attachment":[{"href":"https:\/\/www.cdlpv.org\/dtl\/wp-json\/wp\/v2\/media?parent=51"}],"wp:term":[{"taxonomy":"category","embeddable":true,"href":"https:\/\/www.cdlpv.org\/dtl\/wp-json\/wp\/v2\/categories?post=51"},{"taxonomy":"post_tag","embeddable":true,"href":"https:\/\/www.cdlpv.org\/dtl\/wp-json\/wp\/v2\/tags?post=51"}],"curies":[{"name":"wp","href":"https:\/\/api.w.org\/{rel}","templated":true}]}}