{"id":506,"date":"2008-09-24T13:02:33","date_gmt":"2008-09-24T12:02:33","guid":{"rendered":"http:\/\/www.cdlpv.org\/dtl\/?p=506"},"modified":"2008-09-24T13:02:33","modified_gmt":"2008-09-24T12:02:33","slug":"la-llengua-sense-estat-i-sense-nacio","status":"publish","type":"post","link":"https:\/\/www.cdlpv.org\/dtl\/2008\/09\/24\/la-llengua-sense-estat-i-sense-nacio\/","title":{"rendered":"La llengua sense estat i sense naci\u00f3"},"content":{"rendered":"<p>El fil\u00f2sof Xavier Rubert de Vent\u00f3s publica en el diari <em>El Pa\u00eds<\/em> <a href=\"http:\/\/www.elpais.com\/articulo\/opinion\/espanol\/gran\/Lengua\/elpepiopi\/20080923elpepiopi_5\/Tes\" target=\"_blank\">(23.09.2008)<\/a> un article, \u00abL&#8217;espanyol, \u00a1quina gran llengua!\u00bb, on enfronta i glossa alguna de possibles les conseq\u00fc\u00e8ncies d&#8217;aparellar la relaci\u00f3 entre les lleng\u00fces i les organitzacions pol\u00edtiques de la societat, partint del cas plantejat amb el <em>Manifiesto<\/em> de Savater i Grisol\u00eda.<\/p>\n<p>Com a mostra del que diu Rubert de Vent\u00f3s:<\/p>\n<blockquote><p>\nPer\u00f2 \u00e9s curi\u00f3s: lleng\u00fces com l&#8217;espanyola o la francesa, que fins ara mateix es defensaven pel seu universalisme enfront de les lleng\u00fces vernacles, apel\u00b7len hui a arguments particularistes i reclamen la protecci\u00f3 pol\u00edtica de l&#8217;estat. \u00bfDeu ser que ara, quan nosaltres anem oblidant aquests arguments i defensem el catal\u00e0 en l&#8217;escola per raons de \u00abcohesi\u00f3 social\u00bb, ells s&#8217;han tornat com catalanistes rancis que defensen el castell\u00e0 o el franc\u00e9s per raons de \u00abcohesi\u00f3 pol\u00edtica o cultural\u00bb?<\/p>\n[&#8230;]\n<p>\u00bfQue si som una naci\u00f3? Deixem-los a ells estos discursos essencialistes, en qu\u00e8 espanyols i francesos semblen <em>ara<\/em> tan interessats, i acontentem-nos amb arribar al banal estatus d&#8217;estat davant del qual ja ning\u00fa no s&#8217;ofenga ni es senta literalment &#8220;estirat de la llengua&#8221;.\n<\/p><\/blockquote>\n","protected":false},"excerpt":{"rendered":"<p>El fil\u00f2sof Xavier Rubert de Vent\u00f3s publica en el diari El Pa\u00eds (23.09.2008) un article, \u00abL&#8217;espanyol, \u00a1quina gran llengua!\u00bb, on enfronta i glossa alguna de possibles les conseq\u00fc\u00e8ncies d&#8217;aparellar la relaci\u00f3 entre les lleng\u00fces i les organitzacions pol\u00edtiques de la societat, partint del cas plantejat amb el Manifiesto de Savater i Grisol\u00eda. Com a mostra [&hellip;]<\/p>\n","protected":false},"author":2,"featured_media":0,"comment_status":"open","ping_status":"open","sticky":false,"template":"","format":"standard","meta":{"footnotes":""},"categories":[36,2,4,1,19,24],"tags":[287,424,430],"class_list":["post-506","post","type-post","status-publish","format-standard","hentry","category-allofobia","category-comunicacio","category-dret","category-general","category-politica","category-requisit-linguistic","tag-llengues","tag-rubert-de-ventos","tag-savater"],"_links":{"self":[{"href":"https:\/\/www.cdlpv.org\/dtl\/wp-json\/wp\/v2\/posts\/506","targetHints":{"allow":["GET"]}}],"collection":[{"href":"https:\/\/www.cdlpv.org\/dtl\/wp-json\/wp\/v2\/posts"}],"about":[{"href":"https:\/\/www.cdlpv.org\/dtl\/wp-json\/wp\/v2\/types\/post"}],"author":[{"embeddable":true,"href":"https:\/\/www.cdlpv.org\/dtl\/wp-json\/wp\/v2\/users\/2"}],"replies":[{"embeddable":true,"href":"https:\/\/www.cdlpv.org\/dtl\/wp-json\/wp\/v2\/comments?post=506"}],"version-history":[{"count":0,"href":"https:\/\/www.cdlpv.org\/dtl\/wp-json\/wp\/v2\/posts\/506\/revisions"}],"wp:attachment":[{"href":"https:\/\/www.cdlpv.org\/dtl\/wp-json\/wp\/v2\/media?parent=506"}],"wp:term":[{"taxonomy":"category","embeddable":true,"href":"https:\/\/www.cdlpv.org\/dtl\/wp-json\/wp\/v2\/categories?post=506"},{"taxonomy":"post_tag","embeddable":true,"href":"https:\/\/www.cdlpv.org\/dtl\/wp-json\/wp\/v2\/tags?post=506"}],"curies":[{"name":"wp","href":"https:\/\/api.w.org\/{rel}","templated":true}]}}