{"id":50,"date":"2007-04-10T18:36:48","date_gmt":"2007-04-10T17:36:48","guid":{"rendered":"http:\/\/www.cdlpv.org\/dtl\/?p=50"},"modified":"2007-04-10T18:36:48","modified_gmt":"2007-04-10T17:36:48","slug":"la-reforma-audiovisual-espanyola","status":"publish","type":"post","link":"https:\/\/www.cdlpv.org\/dtl\/2007\/04\/10\/la-reforma-audiovisual-espanyola\/","title":{"rendered":"La reforma audiovisual espanyola"},"content":{"rendered":"<p>Hi ha coses a qu\u00e8 no ens haur\u00edem d&#8217;acostumar mai. Per exemple, al fet que molts governants i funcionaris de l&#8217;administraci\u00f3 general de l&#8217;estat espanyol ens vullguen fer creure &mdash;i fingixen creure ells mateixos&mdash; que ni tenen ni apliquem cap pol\u00edtica ling\u00fc\u00edstica. Per contra, la not\u00edcia de l&#8217;1 de mar\u00e7 del 2007 d&#8217;<em>El Pa\u00eds<\/em> ens hauria de moure a la indignaci\u00f3 cultural i ling\u00fc\u00edstica, que haurien de compartir principalment la major part dels pol\u00edtics que no es solen complaure d&#8217;ignorar les lleng\u00fces peninsulars diferents de l&#8217;espanyol.<\/p>\n<hr \/>\n<blockquote>\n<h2>El Govern reactiva la creaci\u00f3 d&#8217;un consell audiovisual d&#8217;\u00e0mbit estatal<\/h2>\n<h5>Rosario G. G\u00f3mez, Madrid<\/h5>\n[&#8230;] Inicialment, el text imposava a les empreses de r\u00e0dio i televisi\u00f3 l&#8217;obligaci\u00f3 que la seua programaci\u00f3 atenguera els principis d&#8217;\u00abobjectivitat i veracitat\u00bb informativa, respectara el pluralisme pol\u00edtic, religi\u00f3s, social, cultural i ling\u00fc\u00edstic, protegiren la joventut i la inf\u00e0ncia i promocionara la cultura i les lleng\u00fces d&#8217;Espanya.<\/p>\n[&#8230;] El nou articulat no fixa un m\u00ednim d&#8217;hores d&#8217;emissi\u00f3 en les lleng\u00fces cooficials per a les televisions que emeten en comunitats amb llengua pr\u00f2pia, com establia el primer text. [&#8230;]\n<\/blockquote>\n<hr \/>\n<p>\u00c9s a dir, si tot la cosa acaba aixina, haurem de concloure com el tebeo aquell: \u00abigualico, igualico que el defunto de su ag\u00fcelico\u00bb. Quins temps&#8230; aquells!<\/p>\n","protected":false},"excerpt":{"rendered":"<p>Hi ha coses a qu\u00e8 no ens haur\u00edem d&#8217;acostumar mai. Per exemple, al fet que molts governants i funcionaris de l&#8217;administraci\u00f3 general de l&#8217;estat espanyol ens vullguen fer creure &mdash;i fingixen creure ells mateixos&mdash; que ni tenen ni apliquem cap pol\u00edtica ling\u00fc\u00edstica. Per contra, la not\u00edcia de l&#8217;1 de mar\u00e7 del 2007 d&#8217;El Pa\u00eds ens [&hellip;]<\/p>\n","protected":false},"author":2,"featured_media":0,"comment_status":"open","ping_status":"open","sticky":false,"template":"","format":"standard","meta":{"footnotes":""},"categories":[2,1,19],"tags":[],"class_list":["post-50","post","type-post","status-publish","format-standard","hentry","category-comunicacio","category-general","category-politica"],"_links":{"self":[{"href":"https:\/\/www.cdlpv.org\/dtl\/wp-json\/wp\/v2\/posts\/50","targetHints":{"allow":["GET"]}}],"collection":[{"href":"https:\/\/www.cdlpv.org\/dtl\/wp-json\/wp\/v2\/posts"}],"about":[{"href":"https:\/\/www.cdlpv.org\/dtl\/wp-json\/wp\/v2\/types\/post"}],"author":[{"embeddable":true,"href":"https:\/\/www.cdlpv.org\/dtl\/wp-json\/wp\/v2\/users\/2"}],"replies":[{"embeddable":true,"href":"https:\/\/www.cdlpv.org\/dtl\/wp-json\/wp\/v2\/comments?post=50"}],"version-history":[{"count":0,"href":"https:\/\/www.cdlpv.org\/dtl\/wp-json\/wp\/v2\/posts\/50\/revisions"}],"wp:attachment":[{"href":"https:\/\/www.cdlpv.org\/dtl\/wp-json\/wp\/v2\/media?parent=50"}],"wp:term":[{"taxonomy":"category","embeddable":true,"href":"https:\/\/www.cdlpv.org\/dtl\/wp-json\/wp\/v2\/categories?post=50"},{"taxonomy":"post_tag","embeddable":true,"href":"https:\/\/www.cdlpv.org\/dtl\/wp-json\/wp\/v2\/tags?post=50"}],"curies":[{"name":"wp","href":"https:\/\/api.w.org\/{rel}","templated":true}]}}