{"id":497,"date":"2008-09-18T08:30:31","date_gmt":"2008-09-18T07:30:31","guid":{"rendered":"http:\/\/www.cdlpv.org\/dtl\/?p=497"},"modified":"2008-09-18T08:30:31","modified_gmt":"2008-09-18T07:30:31","slug":"presentacio-de-transfer-a-valencia","status":"publish","type":"post","link":"https:\/\/www.cdlpv.org\/dtl\/2008\/09\/18\/presentacio-de-transfer-a-valencia\/","title":{"rendered":"Presentaci\u00f3 de Transfer a Val\u00e8ncia"},"content":{"rendered":"<p>Ernest Any\u00f3 ens informa a trav\u00e9s de la llista Escriu-me de la presentaci\u00f3 seg\u00fcent:<\/p>\n<blockquote>\n<h2>Presentaci\u00f3 de la revista <em>Transfer<\/em> a val\u00e8ncia<\/h2>\n<p><strong>&#8211; Dia:<\/strong> Dijous, 25 de setembre.<br \/>\n<strong>&#8211; Hora:<\/strong> 19.30 hores.<br \/>\n<strong>&#8211; Lloc:<\/strong> Sala Matilde Salvador, edifici de la Nau, carrer de la Universitat, 2<br \/>\n&#8211; Amb la intervenci\u00f3 de: Rafael Gil Salinas, vicerector de Cultura de la <span class=\"versaleta\">uv<\/span>; Josep Bargall\u00f3, director de l&#8217;Institut Ramon Llull; Antoni Furi\u00f3, director de <span class=\"versaleta\">puv<\/span>; Josep-Llu\u00eds G\u00f3mez Mompart, catedr\u00e0tic de periodisme de la <span class=\"versaleta\">uv<\/span>; Carles Torner, director de <em>Transfer<\/em>.<\/p>\n<hr \/>\n<\/hr>\n<p>Dijous es presenta a la Nau la revista Transfer, ara com ara l&#8217;\u00fanic vincle estable del Pa\u00eds amb l&#8217;Institut Ramon Llull, esperem que siga un acte acte c\u00e0lid i amb molta gent.<\/p>\n<hr \/>\n<\/hr>\n<p><em>Transfer<\/em> \u00e9s una revista de cultura contempor\u00e0nia editada per l\u2019Institut Ramon Llull i Publicacions de la Universitat de Val\u00e8ncia.<\/p>\n<p>T\u00e9 com a funci\u00f3 b\u00e0sica la projecci\u00f3 exterior de la cultura i el pensament d\u2019expressi\u00f3 catalana, i per aix\u00f2 es publica en angl\u00e8s. La seua periodicitat \u00e9s anual. Fins ara s\u2019han publicat tres n\u00fameros.<\/p>\n<p>Cada lliurament dedica un espai central als grans temes de debat contemporani, com ara la globalitzaci\u00f3 i les identitats, immigraci\u00f3 i canvi social o hist\u00f2ria i mem\u00f2ria. <em>Transfer<\/em> d\u00f3na molta import\u00e0ncia al disseny i la presentaci\u00f3 gr\u00e0fica amb la col\u00b7laboraci\u00f3 de grans artistes (fins ara Antoni T\u00e0pies, Artur Heras, Toni Catany). La revista t\u00e9 la seu de la coordinaci\u00f3 editorial i s&#8217;imprimeix a Val\u00e8ncia.\n<\/p><\/blockquote>\n","protected":false},"excerpt":{"rendered":"<p>Ernest Any\u00f3 ens informa a trav\u00e9s de la llista Escriu-me de la presentaci\u00f3 seg\u00fcent: Presentaci\u00f3 de la revista Transfer a val\u00e8ncia &#8211; Dia: Dijous, 25 de setembre. &#8211; Hora: 19.30 hores. &#8211; Lloc: Sala Matilde Salvador, edifici de la Nau, carrer de la Universitat, 2 &#8211; Amb la intervenci\u00f3 de: Rafael Gil Salinas, vicerector de [&hellip;]<\/p>\n","protected":false},"author":2,"featured_media":0,"comment_status":"open","ping_status":"open","sticky":false,"template":"","format":"standard","meta":{"footnotes":""},"categories":[2,3,5,1],"tags":[402,417,495],"class_list":["post-497","post","type-post","status-publish","format-standard","hentry","category-comunicacio","category-documentacio","category-edicio","category-general","tag-ramon-llull","tag-revistes","tag-universitat-de-valencia"],"_links":{"self":[{"href":"https:\/\/www.cdlpv.org\/dtl\/wp-json\/wp\/v2\/posts\/497","targetHints":{"allow":["GET"]}}],"collection":[{"href":"https:\/\/www.cdlpv.org\/dtl\/wp-json\/wp\/v2\/posts"}],"about":[{"href":"https:\/\/www.cdlpv.org\/dtl\/wp-json\/wp\/v2\/types\/post"}],"author":[{"embeddable":true,"href":"https:\/\/www.cdlpv.org\/dtl\/wp-json\/wp\/v2\/users\/2"}],"replies":[{"embeddable":true,"href":"https:\/\/www.cdlpv.org\/dtl\/wp-json\/wp\/v2\/comments?post=497"}],"version-history":[{"count":0,"href":"https:\/\/www.cdlpv.org\/dtl\/wp-json\/wp\/v2\/posts\/497\/revisions"}],"wp:attachment":[{"href":"https:\/\/www.cdlpv.org\/dtl\/wp-json\/wp\/v2\/media?parent=497"}],"wp:term":[{"taxonomy":"category","embeddable":true,"href":"https:\/\/www.cdlpv.org\/dtl\/wp-json\/wp\/v2\/categories?post=497"},{"taxonomy":"post_tag","embeddable":true,"href":"https:\/\/www.cdlpv.org\/dtl\/wp-json\/wp\/v2\/tags?post=497"}],"curies":[{"name":"wp","href":"https:\/\/api.w.org\/{rel}","templated":true}]}}