{"id":492,"date":"2008-09-15T11:55:50","date_gmt":"2008-09-15T10:55:50","guid":{"rendered":"http:\/\/www.cdlpv.org\/dtl\/?p=492"},"modified":"2008-09-15T11:55:50","modified_gmt":"2008-09-15T10:55:50","slug":"la-redaccio-del-llenguatge-juridic","status":"publish","type":"post","link":"https:\/\/www.cdlpv.org\/dtl\/2008\/09\/15\/la-redaccio-del-llenguatge-juridic\/","title":{"rendered":"La redacci\u00f3 del llenguatge jur\u00eddic"},"content":{"rendered":"<p>El butllet\u00ed <em>Noticias Jur\u00eddicas<\/em> (n\u00fam. 430) cont\u00e9 un petit <a href=\"http:\/\/noticias.juridicas.com\/articulos\/00-Generalidades\/200809-25487955126545.html\" target=\"_blank\">article<\/a> de Jaime Arias Cayetano, \u00abEl lenguaje jur\u00eddico moderno en castellano: una introducci\u00f3n cualquiera\u00bb, amb indicacions ben interessants pel que fa a la naturalesa del llenguatge jur\u00eddic i a la redacci\u00f3 dels documents legals. Extraiem (i tradu\u00efm) les conclusions de l&#8217;article:<\/p>\n<blockquote>\n<ul>\n<li>No facilites m\u00e9s informaci\u00f3 que la necess\u00e0ria per a ser compr\u00e9s. Cal saber en quin moment descobrir absolutament tot el que sabem i les armes que usem.<\/li>\n<li>Elimina tant com siga possible les proposicions de relatiu. Esta \u00e9s una de les eines que pitjor s&#8217;usen en la redacci\u00f3 d&#8217;escrits. No tot el m\u00f3n sap entendre el significat d&#8217;una proposici\u00f3 de relatiu, i molt menys encara diferenciar els diferents usos d&#8217;un \u00abque\u00bb. Per aix\u00f2 \u00e9s convenient separar les proposicions amb punts, o punts i coma, i redactar-les d&#8217;una altra forma, per a evitar tant com siga possible la formaci\u00f3 de llargues oracions amb proposicions de relatiu.<\/li>\n<li>Usa tant com siga possible oracions simples. Per\u00f2 v\u00e9s espai amb la redacci\u00f3 telegr\u00e0fica del tipus \u00abA va fer tal cosa. B va patir un dany. El dany ascendeix a X\u00bb. En exposicions acad\u00e8miques eixa redacci\u00f3 pot ajudar, per\u00f2 sovint un escrit redactat d&#8217;eixa forma avorrix el jutjador i pot deixar alguns aspectes dels fets o dels fonaments jur\u00eddics sense explicar convenientment.<\/li>\n<li>Elimina tant com siga possible els gerundis. \u00c9s un dels instruments m\u00e9s a l&#8217;abast per a un jurista. No obstant aix\u00f2, \u00e9s tamb\u00e9 un dels nostres grans defectes. El gerundi \u00e9s una forma no personal del verb, i la seua utilitzaci\u00f3 indiscriminada resta espontane\u00eftat als texts, els convertix en papers infumables i pot resultar gramaticalment incorrecta en alguns casos. Si ho pensem, descobrirem que no \u00e9s dif\u00edcil substituir-lo per altres formulacions, i que, en fer-ho, els nostres escrits milloren en llegibilitat i guanyen en naturalitat. En definitiva, seran m\u00e9s \u00abdigeribles\u00bb.<\/li>\n<li>Dedica tant com siga possible a cada idea un par\u00e0graf diferent. No cal t\u00e9mer la multiplicaci\u00f3 de par\u00e0grafs, sempre que estos tinguen una justificaci\u00f3. I cada idea, o l&#8217;article a qu\u00e8 ens referim, ha d&#8217;estar destacat, per exemple en negreta, perqu\u00e8 es comprenga d&#8217;una ullada l&#8217;organitzaci\u00f3 del nostre escrit. Aix\u00f2 ho far\u00e0 m\u00e9s comprensible, i evitar\u00e0 possibles barreges de fets o arguments. La claredat \u00e9s sempre la nostra millor aliada.<\/li>\n<li>Tot el que digam ha de ser provat, en principi. A\u00e7\u00f2 sembla clar com l&#8217;aigua, per\u00f2 si ens fixem b\u00e9 vorem que no sempre ho fem. En efecte, moltes de les manifestacions que realitzem en un recurs o una demanda tenen suport nom\u00e9s en el nostre coneixement, per\u00f2 no arribem a traslladar-li al jutge la mateixa certesa que nosaltres tenim. Per aix\u00f2 \u00e9s convenient saber on cal fer una pausa i detenir-se a provar el que diem, abans de continuar. En general, els fets b\u00e0sics en qu\u00e8 recolze la nostra pretensi\u00f3 han de ser provats sense cap mena de dubte des del comen\u00e7ament, o almenys cal proposar mitjans de prova que puguen acreditar els dits fetes.<\/li>\n<li>Inclou tot el que vullgues que s\u00e0pien els altres. Cal adonar-se que els altres nom\u00e9s sabran, en general, all\u00f2 que els contem. Per aix\u00f2 cal procurar posar-se en el seu lloc i llegir el que hajam escrit com si no conegu\u00e9rem el cas. Aix\u00f2 ens ajudar\u00e0 a descobrir si al text li falta informaci\u00f3 o no. Recordeu: els altres (el jutge, en \u00faltima inst\u00e0ncia) nom\u00e9s lligen els nostres escrits, no la nostra ment.<\/li>\n<\/ul>\n<\/blockquote>\n","protected":false},"excerpt":{"rendered":"<p>El butllet\u00ed Noticias Jur\u00eddicas (n\u00fam. 430) cont\u00e9 un petit article de Jaime Arias Cayetano, \u00abEl lenguaje jur\u00eddico moderno en castellano: una introducci\u00f3n cualquiera\u00bb, amb indicacions ben interessants pel que fa a la naturalesa del llenguatge jur\u00eddic i a la redacci\u00f3 dels documents legals. Extraiem (i tradu\u00efm) les conclusions de l&#8217;article: No facilites m\u00e9s informaci\u00f3 que [&hellip;]<\/p>\n","protected":false},"author":2,"featured_media":0,"comment_status":"open","ping_status":"open","sticky":false,"template":"","format":"standard","meta":{"footnotes":""},"categories":[4,1],"tags":[193,260,284],"class_list":["post-492","post","type-post","status-publish","format-standard","hentry","category-dret","category-general","tag-estil","tag-juridic","tag-llenguatge"],"_links":{"self":[{"href":"https:\/\/www.cdlpv.org\/dtl\/wp-json\/wp\/v2\/posts\/492","targetHints":{"allow":["GET"]}}],"collection":[{"href":"https:\/\/www.cdlpv.org\/dtl\/wp-json\/wp\/v2\/posts"}],"about":[{"href":"https:\/\/www.cdlpv.org\/dtl\/wp-json\/wp\/v2\/types\/post"}],"author":[{"embeddable":true,"href":"https:\/\/www.cdlpv.org\/dtl\/wp-json\/wp\/v2\/users\/2"}],"replies":[{"embeddable":true,"href":"https:\/\/www.cdlpv.org\/dtl\/wp-json\/wp\/v2\/comments?post=492"}],"version-history":[{"count":0,"href":"https:\/\/www.cdlpv.org\/dtl\/wp-json\/wp\/v2\/posts\/492\/revisions"}],"wp:attachment":[{"href":"https:\/\/www.cdlpv.org\/dtl\/wp-json\/wp\/v2\/media?parent=492"}],"wp:term":[{"taxonomy":"category","embeddable":true,"href":"https:\/\/www.cdlpv.org\/dtl\/wp-json\/wp\/v2\/categories?post=492"},{"taxonomy":"post_tag","embeddable":true,"href":"https:\/\/www.cdlpv.org\/dtl\/wp-json\/wp\/v2\/tags?post=492"}],"curies":[{"name":"wp","href":"https:\/\/api.w.org\/{rel}","templated":true}]}}