{"id":489,"date":"2008-09-14T18:45:03","date_gmt":"2008-09-14T17:45:03","guid":{"rendered":"http:\/\/www.cdlpv.org\/dtl\/?p=489"},"modified":"2008-09-14T18:45:03","modified_gmt":"2008-09-14T17:45:03","slug":"borsa-de-treball-en-el-cofuc","status":"publish","type":"post","link":"https:\/\/www.cdlpv.org\/dtl\/2008\/09\/14\/borsa-de-treball-en-el-cofuc\/","title":{"rendered":"Borsa de treball en el COFUC"},"content":{"rendered":"<p>Magdalena Ramon ens envia a trav\u00e9s d&#8217;InfoZ\u00e8fir la informaci\u00f3 seg\u00fcent:<\/p>\n<blockquote><p>\nEl Consorci per al Foment de la Llengua Catalana i la Projecci\u00f3 Exterior de la Cultura de les Illes Balears convoca un concurs per formar part d\u2019una borsa de treball per cobrir, temporalment, les seves necessitats espec\u00edfiques<\/p>\n<p><strong>Requisits dels aspirants:<\/strong><\/p>\n<p>a. T\u00edtol de llicenciat en filologia catalana o en filosofia i lletres, filologia, geografia i hist\u00f2ria, filosofia, ci\u00e8ncies de l\u2019educaci\u00f3, sociologia o traducci\u00f3 i interpretaci\u00f3.<\/p>\n<p>b. Els aspirants que no siguin llicenciats en filologia catalana han de presentar el certificat de coneixements de llengua catalana corresponent al nivell D, expedit per l\u2019Escola Balear d\u2019Administraci\u00f3 P\u00fablica o expedit o homologat per la Direcci\u00f3 General de Pol\u00edtica Ling\u00fc\u00edstica (abans Junta Avaluadora de Catal\u00e0).<\/p>\n<p>Les bases de la convocat\u00f2ria estan a disposici\u00f3 de les persones interessades en el tauler d\u2019anuncis del Consorci (c. del Capit\u00e0 Salom, 29, 1r, de Palma), a l\u2019adre\u00e7a <a href=\"http:\/\/cofuc.caib.es\" target=\"_blank\"><em>http:\/\/cofuc.caib.es<\/em><\/a> i al <span class=\"versaleta\"><em>boib<\/em><\/span> del dia 13 de setembre de 2008.<\/p>\n<p>Les sol\u00b7licituds i la documentaci\u00f3 per prendre part en el proc\u00e9s de selecci\u00f3 s\u2019han de presentar a la seu del Consorci en el termini de set dies h\u00e0bils, comptadors des de l\u2019endem\u00e0 de la publicaci\u00f3 de la convocat\u00f2ria en el <span class=\"versaleta\"><em>boib<\/em><\/span>.<\/p>\n<p>Font: <a href=\"http:\/\/www.caib.es\/govern\/organigrama\/area.do?lang=ca&#038;coduo=496\"><span class=\"versaleta\">cofuc<\/span><\/a>\n<\/p><\/blockquote>\n","protected":false},"excerpt":{"rendered":"<p>Magdalena Ramon ens envia a trav\u00e9s d&#8217;InfoZ\u00e8fir la informaci\u00f3 seg\u00fcent: El Consorci per al Foment de la Llengua Catalana i la Projecci\u00f3 Exterior de la Cultura de les Illes Balears convoca un concurs per formar part d\u2019una borsa de treball per cobrir, temporalment, les seves necessitats espec\u00edfiques Requisits dels aspirants: a. T\u00edtol de llicenciat en [&hellip;]<\/p>\n","protected":false},"author":2,"featured_media":0,"comment_status":"open","ping_status":"open","sticky":false,"template":"","format":"standard","meta":{"footnotes":""},"categories":[43,1,15],"tags":[240],"class_list":["post-489","post","type-post","status-publish","format-standard","hentry","category-concursos","category-general","category-laboral","tag-illes-balears"],"_links":{"self":[{"href":"https:\/\/www.cdlpv.org\/dtl\/wp-json\/wp\/v2\/posts\/489","targetHints":{"allow":["GET"]}}],"collection":[{"href":"https:\/\/www.cdlpv.org\/dtl\/wp-json\/wp\/v2\/posts"}],"about":[{"href":"https:\/\/www.cdlpv.org\/dtl\/wp-json\/wp\/v2\/types\/post"}],"author":[{"embeddable":true,"href":"https:\/\/www.cdlpv.org\/dtl\/wp-json\/wp\/v2\/users\/2"}],"replies":[{"embeddable":true,"href":"https:\/\/www.cdlpv.org\/dtl\/wp-json\/wp\/v2\/comments?post=489"}],"version-history":[{"count":0,"href":"https:\/\/www.cdlpv.org\/dtl\/wp-json\/wp\/v2\/posts\/489\/revisions"}],"wp:attachment":[{"href":"https:\/\/www.cdlpv.org\/dtl\/wp-json\/wp\/v2\/media?parent=489"}],"wp:term":[{"taxonomy":"category","embeddable":true,"href":"https:\/\/www.cdlpv.org\/dtl\/wp-json\/wp\/v2\/categories?post=489"},{"taxonomy":"post_tag","embeddable":true,"href":"https:\/\/www.cdlpv.org\/dtl\/wp-json\/wp\/v2\/tags?post=489"}],"curies":[{"name":"wp","href":"https:\/\/api.w.org\/{rel}","templated":true}]}}