{"id":484,"date":"2008-09-12T10:38:37","date_gmt":"2008-09-12T09:38:37","guid":{"rendered":"http:\/\/www.cdlpv.org\/dtl\/?p=484"},"modified":"2008-09-12T10:38:37","modified_gmt":"2008-09-12T09:38:37","slug":"jornades-sobre-la-llengua-literaria","status":"publish","type":"post","link":"https:\/\/www.cdlpv.org\/dtl\/2008\/09\/12\/jornades-sobre-la-llengua-literaria\/","title":{"rendered":"Jornades sobre la llengua liter\u00e0ria"},"content":{"rendered":"<p>Xavier Rull ens envia a trav\u00e9s d&#8217;InfoZ\u00e8fir la informaci\u00f3 sobre unes jornades:<\/p>\n<blockquote>\n<h2>I Jornades sobre la Llengua Liter\u00e0ria i els Escriptors Valencians Actuals<\/h2>\n<p>Gandia, Casa de la Cultura<br \/>\n27 de setembre de 2008<\/p>\n<p>Per visualitzar el tr\u00edptic informatiu, on hi ha el programa: <a href=\"http:\/\/docs.google.com\/View?docid=dfkfzh62_66fcc2cwgs\" target=\"_blank\">clic ac\u00ed<\/a>.<\/p>\n<p><strong>Ho organitzen:<\/strong><br \/>\nCEIC-Alfons el Vell<br \/>\nDepartament de Filologia Catalana (Universitat de Val\u00e8ncia)<br \/>\nFIECOV<\/p>\n<p><strong>Hi col\u00b7laboren:<\/strong><br \/>\nInstitut Interuniversitari de Filologia Valenciana<br \/>\nDepartament de Filologia Catalana (Universitat d&#8217;Alacant)<br \/>\nAELC &#8211; Bromera &#8211; Denes<\/p>\n<p><strong>Informaci\u00f3 i inscripcions:<\/strong><br \/>\nDepartament de Filologia catalana<br \/>\nUniversitat de Val\u00e8ncia<br \/>\nBlasco Ib\u00e1\u00f1ez, 32<br \/>\n46010-Val\u00e8ncia<br \/>\nTel. 963864255<br \/>\n<a href=\"mailto:inmaculada.carrasquer@uv.es\" target=\"_blank\">inmaculada.carrasquer@uv.es<\/a><\/p>\n<p><strong>Inscripci\u00f3 gratu\u00efta<\/strong><\/p>\n","protected":false},"excerpt":{"rendered":"<p>Xavier Rull ens envia a trav\u00e9s d&#8217;InfoZ\u00e8fir la informaci\u00f3 sobre unes jornades: I Jornades sobre la Llengua Liter\u00e0ria i els Escriptors Valencians Actuals Gandia, Casa de la Cultura 27 de setembre de 2008 Per visualitzar el tr\u00edptic informatiu, on hi ha el programa: clic ac\u00ed. Ho organitzen: CEIC-Alfons el Vell Departament de Filologia Catalana (Universitat [&hellip;]<\/p>\n","protected":false},"author":2,"featured_media":0,"comment_status":"open","ping_status":"open","sticky":false,"template":"","format":"standard","meta":{"footnotes":""},"categories":[2,10,1,27],"tags":[258,279,287],"class_list":["post-484","post","type-post","status-publish","format-standard","hentry","category-comunicacio","category-formacio","category-general","category-sociolinguistica","tag-jornades","tag-literatura","tag-llengues"],"_links":{"self":[{"href":"https:\/\/www.cdlpv.org\/dtl\/wp-json\/wp\/v2\/posts\/484","targetHints":{"allow":["GET"]}}],"collection":[{"href":"https:\/\/www.cdlpv.org\/dtl\/wp-json\/wp\/v2\/posts"}],"about":[{"href":"https:\/\/www.cdlpv.org\/dtl\/wp-json\/wp\/v2\/types\/post"}],"author":[{"embeddable":true,"href":"https:\/\/www.cdlpv.org\/dtl\/wp-json\/wp\/v2\/users\/2"}],"replies":[{"embeddable":true,"href":"https:\/\/www.cdlpv.org\/dtl\/wp-json\/wp\/v2\/comments?post=484"}],"version-history":[{"count":0,"href":"https:\/\/www.cdlpv.org\/dtl\/wp-json\/wp\/v2\/posts\/484\/revisions"}],"wp:attachment":[{"href":"https:\/\/www.cdlpv.org\/dtl\/wp-json\/wp\/v2\/media?parent=484"}],"wp:term":[{"taxonomy":"category","embeddable":true,"href":"https:\/\/www.cdlpv.org\/dtl\/wp-json\/wp\/v2\/categories?post=484"},{"taxonomy":"post_tag","embeddable":true,"href":"https:\/\/www.cdlpv.org\/dtl\/wp-json\/wp\/v2\/tags?post=484"}],"curies":[{"name":"wp","href":"https:\/\/api.w.org\/{rel}","templated":true}]}}