{"id":48,"date":"2007-04-01T20:31:02","date_gmt":"2007-04-01T19:31:02","guid":{"rendered":"http:\/\/www.cdlpv.org\/dtl\/?p=48"},"modified":"2007-04-01T20:31:02","modified_gmt":"2007-04-01T19:31:02","slug":"la-categoria-de-lanecdota-el-pais-valencia","status":"publish","type":"post","link":"https:\/\/www.cdlpv.org\/dtl\/2007\/04\/01\/la-categoria-de-lanecdota-el-pais-valencia\/","title":{"rendered":"La categoria de l&#8217;an\u00e8cdota: el Pa\u00eds Valenci\u00e0"},"content":{"rendered":"<p>La generalitat valenciana de Francisco Camps informa?, desinforma?, o deforma? No hi ha massa opcions m\u00e9s per als ciutadans i ciutadanes valencians. I ning\u00fa pot dir a estes altures que convertim l&#8217;an\u00e8cdota en categoria. Al contrari, estem massa acostumats a vore com el PP vol fer passar la categoria del seus actes com a an\u00e8cdotes sense m\u00e9s transcend\u00e8ncia. Amb tot, eixa \u00e9s la situaci\u00f3 actual:<\/p>\n<p align=\"right\">[Tret de la p\u00e0gina del <a href=\"http:\/\/www.prop.gva.es\/reportes\/expdc.asp?id=281\" target=\"_blank\">Prop<\/a> el  30.04.2007. En negreta el que m\u00e9s ens ha sorpr\u00e9s.]\n<blockquote><p>\n* LOCALIDADES Y PRUEBAS<br \/>\n&#8211; Alicante: Conocimientos Orales, Grado Elemental, Medio (Dos Turnos) y Superior.<br \/>\n&#8211; Alcoy: Conocimientos Orales, Grado Elemental, Medio y Superior.<br \/>\n&#8211; Alzira: Conocimientos Orales, Grado Elemental, Medio (Dos Turnos) y Superior.<br \/>\n&#8211; Benidorm: Conocimientos Orales, Grado Elemental y Medio.<br \/>\n&#8211; Bu\u00f1ol: Conocimientos Orales y Grado Elemental.<br \/>\n&#8211; Burriana: Conocimientos Orales, Grado Elemental y Medio.<br \/>\n<strong>Castell\u00f3n de La Llanura:<\/strong> Conocimientos Orales, Grado Elemental, Medio (Dos Turnos) y Superior.<br \/>\n&#8211; D\u00e9nia: Conocimientos Orales, Grado Elemental y Medio.<br \/>\n&#8211; Elx: Conocimientos Orales, Grado Elemental, Medio (Dos Turnos) y Superior.<br \/>\n&#8211; Gand\u00eda: Conocimientos Orales, Grado Elemental, Medio y Superior.<br \/>\n&#8211; La Vall d&#8217;Uix\u00f3: Conocimientos Orales, Grado Elemental y Medio.<br \/>\n&#8211; Ll\u00edria: Conocimientos Orales, Grado Elemental y Medio (Dos Turnos).<br \/>\n&#8211; Ontinyent: Conocimientos Orales, Grado Elemental y Medio.<br \/>\n&#8211; Orihuela: Conocimientos Orales y Grado Elemental.<br \/>\n&#8211; Sagunto: Conocimientos Orales, Grado Elemental y Medio (Dos Turnos).<br \/>\n&#8211; Segorbe: Conocimientos Orales y Grado Elemental.<br \/>\n&#8211; Torrente: Conocimientos Orales, Grado Elemental y Medio (Dos Turnos).<br \/>\n&#8211; Valencia: Conocimientos Orales, Grado Elemental, Medio (Dos Turnos), Superiores y Certificaciones de Capacitaci\u00f3n T\u00e9cnica<br \/>\n(Lenguaje a los Medios de Comunicaci\u00f3n, Lenguaje Administrativo y Correcci\u00f3n de Textos).<br \/>\n&#8211; Villena: Conocimientos Orales y Grado Elemental.<br \/>\n&#8211; Vinar\u00f2s: Conocimientos Orales, Grado Elemental, Medio y Superior.<br \/>\n&#8211; X\u00e0tiva: Conocimientos Orales, Grado Elemental, Medio y Superior.<\/p>\n<p>* CENTROS DE REALIZACI\u00d3N DE LAS PRUEBAS<br \/>\n&#8211; Alicante: Universidad de Alicante. Cra. San Vicente, s\/n. San Vicente del Raspeig.<br \/>\n&#8211; Alcoy: Escuela Polit\u00e9cnica Superior de Alcoy (Edificio Ferr\u00e0ndiz) Pl. Ferr\u00e0ndiz y Carbonell, 2.<br \/>\n&#8211; Alzira: IES J. M. Parra. C\/ Doctor Francisco Bono, 3.<br \/>\n&#8211; Benidorm: IES Bernat de Sarri\u00e0. Complejo Educativo Salto Del Agua.<br \/>\n&#8211; Bu\u00f1ol: IES Bu\u00f1ol. C\/ Rafael Alberti, s\/n.<br \/>\n&#8211; Burriana: IES Jaime I. Pl. Sanchis Guarner, s\/n.<br \/>\n&#8211; <strong>Castell\u00f3n de La Llanura:<\/strong> Escuela Oficial de Idiomas. Cra. de Borriol, s\/n.<br \/>\n&#8211; D\u00e9nia: IES Historiador Chab\u00e0s. Camino <strong>Cuello de Pozos<\/strong>, 1.<br \/>\n&#8211; Elx: IES LA Asunci\u00f3n de Nuestra Se\u00f1ora. C\/ Abetos, s\/n.<br \/>\n&#8211; Gand\u00eda: Escuela Polit\u00e9cnica Superior de Gand\u00eda. Cra. Nazaret-<strong>Aceituna<\/strong>, s\/n. <strong>Grauo<\/strong> de Gand\u00eda.<br \/>\n&#8211; El Valle de Uix\u00f3: IES Honori Garcia. C\/ Instituto, s\/n.<br \/>\n&#8211; Ll\u00edria: IES Campo de Turia. C\/ Alcalde M. Garcia, s\/n.<br \/>\n&#8211; Ontinyent: IES Avda. Estaci\u00f3n, s\/n.<br \/>\n&#8211; Orihuela: IES Gabriel Mir\u00f3. Avda. Catedr\u00e1tico Jos\u00e9 Guillermo, 1. Los Palmerales.<br \/>\n&#8211; Sagunt: IES Jorge Juan. C\/ Abogado F. Caruana, s\/n.<br \/>\n&#8211; Segorbe: IES Ntra. Sra. de la Cueva Santa. Avda. Espa\u00f1a, s\/n.<br \/>\nTorrente: IES n\u00fam. 4 . Camino de los C\u00e1ntaros, s\/n.<br \/>\n&#8211; Valencia: Universidad Polit\u00e9cnica. <strong>Camino de Verdadera<\/strong>, s\/n.<br \/>\n&#8211; Villena: IES A. Navarro Santaf\u00e9. Paraje San Benito, s\/n.<br \/>\n&#8211; Vinar\u00f2s: IES Leopold Querol Avda. Gil de Atrocillo, s\/n.<br \/>\n&#8211; X\u00e0tiva: IES Josep de Ribera. C\/ Acad\u00e9mico Maravall, 15.<\/p>\n","protected":false},"excerpt":{"rendered":"<p>La generalitat valenciana de Francisco Camps informa?, desinforma?, o deforma? No hi ha massa opcions m\u00e9s per als ciutadans i ciutadanes valencians. I ning\u00fa pot dir a estes altures que convertim l&#8217;an\u00e8cdota en categoria. Al contrari, estem massa acostumats a vore com el PP vol fer passar la categoria del seus actes com a an\u00e8cdotes [&hellip;]<\/p>\n","protected":false},"author":2,"featured_media":0,"comment_status":"open","ping_status":"open","sticky":false,"template":"","format":"standard","meta":{"footnotes":""},"categories":[1,47,19],"tags":[],"class_list":["post-48","post","type-post","status-publish","format-standard","hentry","category-general","category-planificacio","category-politica"],"_links":{"self":[{"href":"https:\/\/www.cdlpv.org\/dtl\/wp-json\/wp\/v2\/posts\/48","targetHints":{"allow":["GET"]}}],"collection":[{"href":"https:\/\/www.cdlpv.org\/dtl\/wp-json\/wp\/v2\/posts"}],"about":[{"href":"https:\/\/www.cdlpv.org\/dtl\/wp-json\/wp\/v2\/types\/post"}],"author":[{"embeddable":true,"href":"https:\/\/www.cdlpv.org\/dtl\/wp-json\/wp\/v2\/users\/2"}],"replies":[{"embeddable":true,"href":"https:\/\/www.cdlpv.org\/dtl\/wp-json\/wp\/v2\/comments?post=48"}],"version-history":[{"count":0,"href":"https:\/\/www.cdlpv.org\/dtl\/wp-json\/wp\/v2\/posts\/48\/revisions"}],"wp:attachment":[{"href":"https:\/\/www.cdlpv.org\/dtl\/wp-json\/wp\/v2\/media?parent=48"}],"wp:term":[{"taxonomy":"category","embeddable":true,"href":"https:\/\/www.cdlpv.org\/dtl\/wp-json\/wp\/v2\/categories?post=48"},{"taxonomy":"post_tag","embeddable":true,"href":"https:\/\/www.cdlpv.org\/dtl\/wp-json\/wp\/v2\/tags?post=48"}],"curies":[{"name":"wp","href":"https:\/\/api.w.org\/{rel}","templated":true}]}}