{"id":479,"date":"2008-09-08T10:45:49","date_gmt":"2008-09-08T09:45:49","guid":{"rendered":"http:\/\/www.cdlpv.org\/dtl\/?p=479"},"modified":"2008-09-08T10:45:49","modified_gmt":"2008-09-08T09:45:49","slug":"santiago-grisolia-es-manifesta-contra-els-drets-dels-valencians","status":"publish","type":"post","link":"https:\/\/www.cdlpv.org\/dtl\/2008\/09\/08\/santiago-grisolia-es-manifesta-contra-els-drets-dels-valencians\/","title":{"rendered":"Santiago Grisol\u00eda es \u00abmanifesta\u00bb contra els drets dels valencians"},"content":{"rendered":"<p>El company Leo Jim\u00e9nez (Alzira) ha tingut inter\u00e9s per glossar el fet que el senyor Santiago Grisol\u00eda, president del Consell Valenci\u00e0 de Cultura, firmara el \u00abManifiesto\u00bb per la imposici\u00f3 del castell\u00e0 amb car\u00e0cter preeminent i discriminatori per als ciutadans que impulsaven, entre altres, Fernando Savater i Mario Vargas Llosa. Ho podeu trobar en l&#8217;article \u00abGrisol\u00eda i el &#8220;Manifiesto por la lengua com\u00fan&#8221;\u00bb en el diari <em>Levante<\/em> <a href=\"http:\/\/www.levante-emv.com\/secciones\/noticia.jsp?pRef=2008090300_5_489976__Opinion-Grisolia-Manifiesto-lengua-comun\" target=\"_blank\">(03.09.2008)<\/a>. Com a mostra, destaquem el par\u00e0graf seg\u00fcent:<\/p>\n<blockquote><p>\nEl senyor Grisol\u00eda no cal que firme manifestos pel valenci\u00e0, sin\u00f3 que, en virtut del seu c\u00e0rrec, pot instar les administracions a fer m\u00e9s efectives l&#8217;aplicaci\u00f3 de la LUEV i normes desplegadores; exhortar RTVV que el valenci\u00e0 siga llengua prevalent en tota la programaci\u00f3, incloent pel\u00b7l\u00edcules, publicitat, presentadors, etc., tot tenint en compte la massiva pres\u00e8ncia del castell\u00e0 en la resta de mitjans; impel\u00b7lir TVE a augmentar la programaci\u00f3 en la nostra llengua; apremiar l&#8217;administraci\u00f3 de just\u00edcia a usar-la amb normalitat; reclamar que dirigents i autoritats la facen prevaldre en les intervencions p\u00fabliques, i no sols en q\u00fcestions culturals.\n<\/p><\/blockquote>\n","protected":false},"excerpt":{"rendered":"<p>El company Leo Jim\u00e9nez (Alzira) ha tingut inter\u00e9s per glossar el fet que el senyor Santiago Grisol\u00eda, president del Consell Valenci\u00e0 de Cultura, firmara el \u00abManifiesto\u00bb per la imposici\u00f3 del castell\u00e0 amb car\u00e0cter preeminent i discriminatori per als ciutadans que impulsaven, entre altres, Fernando Savater i Mario Vargas Llosa. Ho podeu trobar en l&#8217;article \u00abGrisol\u00eda [&hellip;]<\/p>\n","protected":false},"author":2,"featured_media":0,"comment_status":"open","ping_status":"open","sticky":false,"template":"","format":"standard","meta":{"footnotes":""},"categories":[36,2,1,24],"tags":[229],"class_list":["post-479","post","type-post","status-publish","format-standard","hentry","category-allofobia","category-comunicacio","category-general","category-requisit-linguistic","tag-grisolia"],"_links":{"self":[{"href":"https:\/\/www.cdlpv.org\/dtl\/wp-json\/wp\/v2\/posts\/479","targetHints":{"allow":["GET"]}}],"collection":[{"href":"https:\/\/www.cdlpv.org\/dtl\/wp-json\/wp\/v2\/posts"}],"about":[{"href":"https:\/\/www.cdlpv.org\/dtl\/wp-json\/wp\/v2\/types\/post"}],"author":[{"embeddable":true,"href":"https:\/\/www.cdlpv.org\/dtl\/wp-json\/wp\/v2\/users\/2"}],"replies":[{"embeddable":true,"href":"https:\/\/www.cdlpv.org\/dtl\/wp-json\/wp\/v2\/comments?post=479"}],"version-history":[{"count":0,"href":"https:\/\/www.cdlpv.org\/dtl\/wp-json\/wp\/v2\/posts\/479\/revisions"}],"wp:attachment":[{"href":"https:\/\/www.cdlpv.org\/dtl\/wp-json\/wp\/v2\/media?parent=479"}],"wp:term":[{"taxonomy":"category","embeddable":true,"href":"https:\/\/www.cdlpv.org\/dtl\/wp-json\/wp\/v2\/categories?post=479"},{"taxonomy":"post_tag","embeddable":true,"href":"https:\/\/www.cdlpv.org\/dtl\/wp-json\/wp\/v2\/tags?post=479"}],"curies":[{"name":"wp","href":"https:\/\/api.w.org\/{rel}","templated":true}]}}