{"id":472,"date":"2008-09-02T12:00:06","date_gmt":"2008-09-02T11:00:06","guid":{"rendered":"http:\/\/www.cdlpv.org\/dtl\/?p=472"},"modified":"2008-09-02T12:00:06","modified_gmt":"2008-09-02T11:00:06","slug":"ensenyament-contra-el-valencia-i-passivitat-de-les-corts","status":"publish","type":"post","link":"https:\/\/www.cdlpv.org\/dtl\/2008\/09\/02\/ensenyament-contra-el-valencia-i-passivitat-de-les-corts\/","title":{"rendered":"Ensenyament contra el valenci\u00e0 i passivitat de les Corts"},"content":{"rendered":"<p>Alguns dels paranys en mat\u00e8ria educativa que improvisen sense suc ni bruc els dirigents actuals de la Generalitat valenciana (del <span class=\"versaleta\">pp<\/span>: Francisco Camps i Font de Mora Tur\u00f3n) s\u00f3n la mat\u00e8ria d&#8217;un article ben raonat i argumentat de Vicent Brotons en el diari <em>Levante<\/em> <a href=\"http:\/\/www.levante-emv.com\/secciones\/noticia.jsp?pRef=2008083000_5_488696__Opinion-Trilingisme-anem-compte\" target=\"_blank\">(30.08.2008)<\/a>.<\/p>\n<p>En este mateix sentit relacionat amb l&#8217;educaci\u00f3 i, de rebot, amb els comportaments socials, l&#8217;actuaci\u00f3 dels poders p\u00fablics valencians t\u00e9 greus mancances que s&#8217;haurien de resoldre tan prompte com f\u00f3ra possible, fins i tot m\u00e9s r\u00e0pidament i millor que la construcci\u00f3 d&#8217;un circuit urb\u00e0 de f\u00f3rmula 1, si s&#8217;hi dedicaren els mateixos esfor\u00e7os i interessos reals. Tal com hem assenyalat anteriorment en este bloc, \u00e9s m\u00e9s preocupant encara que aix\u00f2 fins i tot s&#8217;haja de resoldre encara a les mateixes Corts valencians, que, hui, dos de setembre del 2008, continua promovent unes <a href=\"http:\/\/www.cortsvalencianes.es\/contenido.jsp?id_nodo=4015&#038;&#038;&#038;keyword=&#038;auditoria=F\" target=\"_blank\">\u00abCorts Infantils\u00bb<\/a> nom\u00e9s per a infants castellanoparlants, cosa que ja els hem fet saber i hem denunciat anteriorment en este mateix <a href=\"http:\/\/www.cdlpv.org\/dtl\/?p=252\" target=\"_blank\"><span class=\"versaleta\"><em>dtl<\/em><\/span><\/a>.<\/p>\n","protected":false},"excerpt":{"rendered":"<p>Alguns dels paranys en mat\u00e8ria educativa que improvisen sense suc ni bruc els dirigents actuals de la Generalitat valenciana (del pp: Francisco Camps i Font de Mora Tur\u00f3n) s\u00f3n la mat\u00e8ria d&#8217;un article ben raonat i argumentat de Vicent Brotons en el diari Levante (30.08.2008). En este mateix sentit relacionat amb l&#8217;educaci\u00f3 i, de rebot, [&hellip;]<\/p>\n","protected":false},"author":2,"featured_media":0,"comment_status":"open","ping_status":"open","sticky":false,"template":"","format":"standard","meta":{"footnotes":""},"categories":[36,2,45,47,24],"tags":[127,152,253],"class_list":["post-472","post","type-post","status-publish","format-standard","hentry","category-allofobia","category-comunicacio","category-ensenyament","category-planificacio","category-requisit-linguistic","tag-corts","tag-discriminacio","tag-irresponsables"],"_links":{"self":[{"href":"https:\/\/www.cdlpv.org\/dtl\/wp-json\/wp\/v2\/posts\/472","targetHints":{"allow":["GET"]}}],"collection":[{"href":"https:\/\/www.cdlpv.org\/dtl\/wp-json\/wp\/v2\/posts"}],"about":[{"href":"https:\/\/www.cdlpv.org\/dtl\/wp-json\/wp\/v2\/types\/post"}],"author":[{"embeddable":true,"href":"https:\/\/www.cdlpv.org\/dtl\/wp-json\/wp\/v2\/users\/2"}],"replies":[{"embeddable":true,"href":"https:\/\/www.cdlpv.org\/dtl\/wp-json\/wp\/v2\/comments?post=472"}],"version-history":[{"count":0,"href":"https:\/\/www.cdlpv.org\/dtl\/wp-json\/wp\/v2\/posts\/472\/revisions"}],"wp:attachment":[{"href":"https:\/\/www.cdlpv.org\/dtl\/wp-json\/wp\/v2\/media?parent=472"}],"wp:term":[{"taxonomy":"category","embeddable":true,"href":"https:\/\/www.cdlpv.org\/dtl\/wp-json\/wp\/v2\/categories?post=472"},{"taxonomy":"post_tag","embeddable":true,"href":"https:\/\/www.cdlpv.org\/dtl\/wp-json\/wp\/v2\/tags?post=472"}],"curies":[{"name":"wp","href":"https:\/\/api.w.org\/{rel}","templated":true}]}}