{"id":4688,"date":"2025-08-13T20:30:53","date_gmt":"2025-08-13T18:30:53","guid":{"rendered":"https:\/\/www.cdlpv.org\/dtl\/?p=4688"},"modified":"2025-08-13T12:41:06","modified_gmt":"2025-08-13T10:41:06","slug":"denominacions-oficials-villanueva-de-castellon","status":"publish","type":"post","link":"https:\/\/www.cdlpv.org\/dtl\/2025\/08\/13\/denominacions-oficials-villanueva-de-castellon\/","title":{"rendered":"Denominacions oficials: Villanueva de Castell\u00f3n"},"content":{"rendered":"<figure id=\"attachment_4690\" aria-describedby=\"caption-attachment-4690\" style=\"width: 300px\" class=\"wp-caption alignleft\"><a href=\"https:\/\/maps.app.goo.gl\/HJcwFNUvL1AoYmLF7\"><img loading=\"lazy\" decoding=\"async\" class=\"wp-image-4690 size-medium\" src=\"http:\/\/www.cdlpv.org\/dtl\/wp-content\/uploads\/2025\/08\/Castello-300x188.png\" alt=\"\" width=\"300\" height=\"188\" srcset=\"https:\/\/www.cdlpv.org\/dtl\/wp-content\/uploads\/2025\/08\/Castello-300x188.png 300w, https:\/\/www.cdlpv.org\/dtl\/wp-content\/uploads\/2025\/08\/Castello-768x481.png 768w, https:\/\/www.cdlpv.org\/dtl\/wp-content\/uploads\/2025\/08\/Castello.png 895w\" sizes=\"auto, (max-width: 300px) 100vw, 300px\" \/><\/a><figcaption id=\"caption-attachment-4690\" class=\"wp-caption-text\"><span style=\"font-size: 10px;\">Redona de l&#8217;eixida de Castell\u00f3 cap a Beneixida.<\/span><\/figcaption><\/figure>\n<p>El municipi de Castell\u00f3 (Ribera Alta) torna a denominar-se Villanueva de Castell\u00f3n despr\u00e9s que el Tribunal Superior de Just\u00edcia de la Comunitat Valenciana (sent\u00e8ncia 120\/2025) <i class=\"fas fa-external-link-alt\"><\/i> haja anu\u0140lat el Decret 112\/2020 de la Generalitat valenciana. Segons el tribunal:<\/p>\n<blockquote><p>Tampoc considerem que la denominaci\u00f3 de Castell\u00f3 no s&#8217;adeq\u00fce a la tradici\u00f3 hist\u00f2rica i ling\u00fc\u00edstica del municipi ni que siga coincident amb una altra de ja existent. No obstant aix\u00f2, la nova denominaci\u00f3 del municipi pot produir confusions en l&#8217;organitzaci\u00f3 dels servicis p\u00fablics i, de fet, ja les ha produ\u00efdes en relaci\u00f3 amb l&#8217;Ajuntament de Castell\u00f3 de la Plana, i ha donat lloc a nombrosos errors en la identificaci\u00f3 de les respectives administracions p\u00fabliques per part de la ciutadania, la Generalitat Valenciana i la Mesa de les Corts Valencianes.<\/p><\/blockquote>\n<p>La confusi\u00f3 addu\u00efda \u00e9s ben lamentable com a argument jur\u00eddic, i a m\u00e9s sembla una caricatura d&#8217;aquella frase televisiva \u00abla noche me confunde\u00bb ara convertida en \u00abla topon\u00edmia em confon\u00bb.<\/p>\n","protected":false},"excerpt":{"rendered":"<p>El municipi de Castell\u00f3 (Ribera Alta) torna a denominar-se Villanueva de Castell\u00f3n despr\u00e9s que el Tribunal Superior de Just\u00edcia de la Comunitat Valenciana (sent\u00e8ncia 120\/2025) haja anu\u0140lat el Decret 112\/2020 de la Generalitat valenciana. Segons el tribunal: Tampoc considerem que la denominaci\u00f3 de Castell\u00f3 no s&#8217;adeq\u00fce a la tradici\u00f3 hist\u00f2rica i ling\u00fc\u00edstica del municipi ni [&hellip;]<\/p>\n","protected":false},"author":56,"featured_media":0,"comment_status":"open","ping_status":"open","sticky":false,"template":"","format":"standard","meta":{"footnotes":""},"categories":[4,14,19,32],"tags":[50,435],"class_list":["post-4688","post","type-post","status-publish","format-standard","hentry","category-dret","category-jurisprudencia","category-politica","category-toponimia","tag-administracio-local","tag-sentencies"],"_links":{"self":[{"href":"https:\/\/www.cdlpv.org\/dtl\/wp-json\/wp\/v2\/posts\/4688","targetHints":{"allow":["GET"]}}],"collection":[{"href":"https:\/\/www.cdlpv.org\/dtl\/wp-json\/wp\/v2\/posts"}],"about":[{"href":"https:\/\/www.cdlpv.org\/dtl\/wp-json\/wp\/v2\/types\/post"}],"author":[{"embeddable":true,"href":"https:\/\/www.cdlpv.org\/dtl\/wp-json\/wp\/v2\/users\/56"}],"replies":[{"embeddable":true,"href":"https:\/\/www.cdlpv.org\/dtl\/wp-json\/wp\/v2\/comments?post=4688"}],"version-history":[{"count":3,"href":"https:\/\/www.cdlpv.org\/dtl\/wp-json\/wp\/v2\/posts\/4688\/revisions"}],"predecessor-version":[{"id":4692,"href":"https:\/\/www.cdlpv.org\/dtl\/wp-json\/wp\/v2\/posts\/4688\/revisions\/4692"}],"wp:attachment":[{"href":"https:\/\/www.cdlpv.org\/dtl\/wp-json\/wp\/v2\/media?parent=4688"}],"wp:term":[{"taxonomy":"category","embeddable":true,"href":"https:\/\/www.cdlpv.org\/dtl\/wp-json\/wp\/v2\/categories?post=4688"},{"taxonomy":"post_tag","embeddable":true,"href":"https:\/\/www.cdlpv.org\/dtl\/wp-json\/wp\/v2\/tags?post=4688"}],"curies":[{"name":"wp","href":"https:\/\/api.w.org\/{rel}","templated":true}]}}