{"id":4677,"date":"2025-05-27T20:30:42","date_gmt":"2025-05-27T18:30:42","guid":{"rendered":"https:\/\/www.cdlpv.org\/dtl\/?p=4677"},"modified":"2025-05-26T20:55:50","modified_gmt":"2025-05-26T18:55:50","slug":"les-novetats-periodiques-del-dnv","status":"publish","type":"post","link":"https:\/\/www.cdlpv.org\/dtl\/2025\/05\/27\/les-novetats-periodiques-del-dnv\/","title":{"rendered":"Les novetats peri\u00f2diques del DNV"},"content":{"rendered":"<p>Les novetats que incorpora peri\u00f2dicament el <em>Diccionari normatiu valenci\u00e0<\/em> (<em><abbr title=\"Diccionari normatiu valenci\u00e0\">dnv<\/abbr><\/em>) de l&#8217;Acad\u00e8mia Valenciana de la llengua, es poden consultar tant a trav\u00e9s de l&#8217;aplicaci\u00f3 en el m\u00f2bil com obrint el document que pengen en el seu web. <a href=\"https:\/\/www.avl.gva.es\/wp-content\/uploads\/Actualitzacions_DNV.pdf\" target=\"_blank\" rel=\"noopener\"><i class=\"fas fa-file-pdf\"><\/i><\/a> Segons exposen ells mateixos (consulta: 26.05.2025): <a href=\"https:\/\/www.avl.gva.es\/documents-normatius\/\" target=\"_blank\" rel=\"noopener\"><i class=\"fas fa-external-link-alt\"><\/i><\/a><\/p>\n<blockquote><p>S\u2019actualitza tots els mesos com a resultat del treball de l\u2019Acad\u00e8mia Valenciana de la Llengua [&#8230;] La llengua \u00e9s un codi viu, i el diccionari aspira a ser una ferramenta \u00fatil que ajude els parlants en les seues necessitats comunicatives. Amb esta finalitat, [&#8230;] es poden veure totes les modificacions incorporades en el DNV des de l\u2019any 2017, desglossades mes a mes.<\/p><\/blockquote>\n<p>Les novetats del mes d&#8217;abril passat van ser:<\/p>\n<blockquote><p><span style=\"font-family: helvetica; font-size: 14px;\"><b>acabar<br \/>\n<\/b><\/span><span style=\"font-family: helvetica; font-size: 14px;\">ACCEPCI\u00d3 NOVA<br \/>\n<\/span><span style=\"font-family: helvetica; font-size: 14px;\"><b>14. <\/b><i>v. aux. <\/i>[en oracions negatives, seguit de la preposici\u00f3 <i>de <\/i>i d&#8217;un verb en infinitiu] No arribar a produir-se alguna cosa com s\u2019esperava. <i>Despr\u00e9s de tantes explicacions, no he acabat de conv\u00e9ncer-los.<\/i><\/span><\/p>\n<p><span style=\"font-family: helvetica; font-size: 14px;\"><b>acabar<br \/>\n<\/b><\/span><span style=\"font-family: helvetica; font-size: 14px;\">VARIANT DE LOCUCI\u00d3 NOVA<br \/>\n<\/span><span style=\"font-family: helvetica; font-size: 14px;\"><b>per<\/b><b> <\/b><b>a<\/b><b> <\/b><b>acabar-ho<\/b><b> <\/b><b>d&#8217;arreglar<\/b><b> <\/b>(o <b>d\u2019adobar<\/b>) <i>loc.<\/i><i> <\/i><i>adv.<\/i><i> <\/i>Per a completar una situaci\u00f3 desagradable. <i>Ara comen\u00e7a a ploure i, per a acabar-ho d&#8217;arreglar, no portem paraig\u00fces.<\/i><\/span><\/p>\n<p><span style=\"font-family: helvetica; font-size: 14px;\"><b>alt<br \/>\n<\/b><\/span><span style=\"font-family: helvetica; font-size: 14px;\">LOCUCI\u00d3 NOVA<br \/>\n<\/span><span style=\"font-family: helvetica; font-size: 14px;\"><b>tirar<\/b><b> <\/b>(o <b>reballar<\/b>) <b>a<\/b><b> <\/b><b>les<\/b><b> <\/b><b>altes<\/b><b> <\/b>(alguna cosa) <i>loc.<\/i><i> <\/i><i>verb.<\/i><i> <\/i>Tirar-la amb for\u00e7a per l\u2019aire. <i>Va agafar la pilota i la va tirar a les altes.<\/i><\/span><\/p>\n<p><span style=\"font-family: helvetica; font-size: 14px;\"><b>anda<br \/>\n<\/b><\/span><span style=\"font-family: helvetica; font-size: 14px;\">LOCUCI\u00d3 NOVA<br \/>\n<\/span><span style=\"font-family: helvetica; font-size: 14px;\"><b>anar<\/b><b> <\/b><b>en<\/b><b> <\/b><b>anda<\/b><b> <\/b>(o <b>en<\/b><b> <\/b><b>andes<\/b>) <b>de<\/b><b> <\/b><b>b\u00e9<\/b><b> <\/b><i>loc.<\/i><i> <\/i><i>verb.<\/i><i> <\/i>Seguir, un assumpte, un curs favorable. <i>Quan tot anava en anda de b\u00e9, va recaure.<\/i><\/span><\/p>\n<p><span style=\"font-family: helvetica; font-size: 14px;\"><b>bala<br \/>\n<\/b><\/span><span style=\"font-family: helvetica; font-size: 14px;\">LOCUCI\u00d3 NOVA<br \/>\n<\/span><span style=\"font-family: helvetica; font-size: 14px;\"><b>tirar amb bala <\/b><i>loc. verb. <\/i>Proferir paraules feridores o malintencionades contra alg\u00fa. <i>L\u2019entrenador<\/i><i> <\/i><i>va<\/i><i> <\/i><i>tirar<\/i><i> <\/i><i>amb<\/i><i> <\/i><i>bala<\/i><i> <\/i><i>contra la nova jugadora.<\/i><\/span><\/p>\n<p><span style=\"font-family: helvetica; font-size: 14px;\"><b>complir<br \/>\n<\/b><\/span><span style=\"font-family: helvetica; font-size: 14px;\">ACCEPCI\u00d3 NOVA<br \/>\n<\/span><span style=\"font-family: helvetica; font-size: 14px;\"><b>3.<\/b><b> <\/b><i>v.<\/i><i> <\/i><i>tr.<\/i><i> <\/i>Tindre, alg\u00fa o alguna cosa, (les condicions necess\u00e0ries) per a fer una funci\u00f3 o formar part d\u2019un grup. <i>No pot sol\u00b7licitar la beca perqu\u00e8 no complix els requisits.<\/i><\/span><\/p>\n<p><span style=\"font-family: helvetica; font-size: 14px;\"><b>endomicetal<br \/>\n<\/b><\/span><span style=\"font-family: helvetica; font-size: 14px;\">AMPLIACI\u00d3 DE LA DEFINICI\u00d3<br \/>\n<\/span><span style=\"font-family: helvetica; font-size: 14px;\"><b>2. <\/b><i>f. pl.<\/i><i> <\/i><i>MICOL. <\/i>Orde de la classe dels ascomicets i de la subclasse dels protoascomicets, integrat per fongs micelians microsc\u00f2pics sense ascocarps, amb els ascos formats directament del zigot, i que inclou la sacaromicet\u00e0cia.<\/span><\/p>\n<p><span style=\"font-family: helvetica; font-size: 14px;\"><b>enrecordar-<\/b><b>se<br \/>\n<\/b><\/span><span style=\"font-family: helvetica; font-size: 14px;\">ARTICLE NOU<br \/>\n<\/span><span style=\"font-family: helvetica; font-size: 14px;\"><i>v. pron. <\/i>[<i>col\u00b7loq.<\/i>] Recordar-se. <i>Enrecorda\u2019t que dem\u00e0 arribar\u00e9 m\u00e9s tard<\/i><i> <\/i><i>a<\/i><i> <\/i><i>la<\/i><i> <\/i><i>faena<\/i><i> <\/i><i>perqu\u00e8<\/i><i> <\/i><i>he<\/i><i> <\/i><i>d\u2019anar<\/i><i> <\/i><i>al<\/i><i> <\/i><i>metge.<\/i><i> <\/i><i>Enrecorda\u2019t<\/i><i> <\/i><i>de<\/i><i> <\/i><i>vindre.<\/i><i> <\/i><i>Hem quedat dem\u00e0; enrecorda-te\u2019n.<\/i><\/span><\/p>\n<p><span style=\"font-family: helvetica; font-size: 14px;\"><b>esporidi<br \/>\n<\/b><\/span><span style=\"font-family: helvetica; font-size: 14px;\">AMPLIACI\u00d3 DE LA DEFINICI\u00d3<br \/>\n<\/span><span style=\"font-family: helvetica; font-size: 14px;\"><i>m.<\/i><i> <\/i><i>BOT.\/MICOL.<\/i><i> <\/i>C\u00e8l\u00b7lula originada per gemmaci\u00f3 d&#8217;una espora.<\/span><\/p>\n<p><span style=\"font-family: helvetica; font-size: 14px;\"><b>espor\u00f2fit<br \/>\n<\/b><\/span><span style=\"font-family: helvetica; font-size: 14px;\">AMPLIACI\u00d3 DE LA DEFINICI\u00d3<br \/>\n<\/span><span style=\"font-family: helvetica; font-size: 14px;\"><b>1.<\/b><b> <\/b><i>m.<\/i><i> <\/i><i>BOT.\/MICOL.<\/i><i> <\/i>Planta o fong que es reprodu\u00efx per espores.<\/span><\/p>\n<p><span style=\"font-family: helvetica; font-size: 14px;\"><b>esteperol<br \/>\n<\/b><\/span><span style=\"font-family: helvetica; font-size: 14px;\">ACTUALITZACI\u00d3 DE LA NOMENCLATURA TAXON\u00d2MICA<br \/>\n<\/span><span style=\"font-family: helvetica; font-size: 14px;\"><i>m.<\/i><i> <\/i><i>MICOL.<\/i><i> <\/i>Bolet (<i>Leccinellum<\/i><i> <\/i><i>corsicum<\/i>) que forma micorrizes amb les estepes, de capell convex, amb porus grocs i carn que es torna roja blavosa al tall.<\/span><\/p>\n<p><span style=\"font-family: helvetica; font-size: 14px;\"><b>exoperidi<br \/>\n<\/b><\/span><span style=\"font-family: helvetica; font-size: 14px;\">AMPLIACI\u00d3 DE LA DEFINICI\u00d3<br \/>\n<\/span><span style=\"font-family: helvetica; font-size: 14px;\"><i>m.<\/i><i> <\/i><i>MICOL.<\/i><i> <\/i>Capa externa del peridi, quan en t\u00e9 m\u00e9s d\u2019una.<\/span><\/p>\n<p><span style=\"font-family: helvetica; font-size: 14px;\"><b>expedient<br \/>\n<\/b><\/span><span style=\"font-family: helvetica; font-size: 14px;\">INCORPORACI\u00d3 ABREVIATURA<\/span><\/p>\n<ol>\n<li><span style=\"font-family: helvetica; font-size: 14px;\"><i>m. DRET <\/i>[abreviatura <i>exp.<\/i>] Curs o tramitaci\u00f3 que se seguix per a resoldre un assumpte important i, especialment, una causa en favor o en contra d&#8217;alg\u00fa.<\/span><\/li>\n<li><span style=\"font-family: helvetica; font-size: 14px;\"><i>m.<\/i><i> <\/i><i>DRET<\/i><i> <\/i>[abreviatura <i>exp.<\/i>] Conjunt d&#8217;actuacions encaminades a resoldre algun dubte o assumpte, a justificar una decisi\u00f3.<\/span><\/li>\n<li><span style=\"font-family: helvetica; font-size: 14px;\"><i>m.<\/i><i> <\/i><i>DRET<\/i><i> <\/i>[abreviatura <i>exp.<\/i>] Conjunt de tots els documents relatius a un assumpte o negoci.<\/span><\/li>\n<li><span style=\"font-family: helvetica; font-size: 14px;\"><i>m. <\/i>[abreviatura <i>exp.<\/i>] Document que cont\u00e9 les qualificacions obtingudes per un estudiant al llarg de la vida acad\u00e8mica o en una de les etapes corresponents.<\/span><\/li>\n<\/ol>\n<p><span style=\"font-family: helvetica; font-size: 14px;\"><b>extraviament<br \/>\n<\/b><\/span><span style=\"font-family: helvetica; font-size: 14px;\">ARTICLE NOU<br \/>\n<\/span><span style=\"font-family: helvetica; font-size: 14px;\"><i>m.<\/i><i> <\/i>Acci\u00f3 o efecte d\u2019extraviar. <i>Va<\/i><i> <\/i><i>simular<\/i><i> <\/i><i>l\u2019extraviament<\/i><i> <\/i><i>de<\/i><i> <\/i><i>l\u2019equipatge i el van indemnitzar.<\/i><\/span><\/p>\n<p><span style=\"font-family: helvetica; font-size: 14px;\"><b>fer<br \/>\n<\/b><\/span><span style=\"font-family: helvetica; font-size: 14px;\">LOCUCI\u00d3 NOVA<br \/>\n<\/span><span style=\"font-family: helvetica; font-size: 14px;\"><b>qu\u00e8<\/b><b> <\/b><b>fa?<\/b><b> <\/b><i>loc.<\/i><i> <\/i><i>orac.<\/i><i> <\/i>S\u2019usa al comen\u00e7ament d\u2019una frase interrogativa per a refor\u00e7ar-la. <i>Qu\u00e8 fa, has acabat?<\/i><\/span><\/p>\n<p><span style=\"font-family: helvetica; font-size: 14px;\"><b>formal<br \/>\n<\/b><\/span><span style=\"font-family: helvetica; font-size: 14px;\">ACCEPCI\u00d3 NOVA<br \/>\n<\/span><span style=\"font-family: helvetica; font-size: 14px;\"><b>3. <\/b><i>adj. LING. <\/i>Que es caracteritza (una forma ling\u00fc\u00edstica o un registre) per ser acurat i resultar adequat per a situacions en qu\u00e8 s\u2019establix una dist\u00e0ncia comunicativa entre els interlocutors. <i>En<\/i><i> <\/i><i>l\u2019examen<\/i><i> <\/i><i>es<\/i><i> <\/i><i>demana que s\u2019utilitze un llenguatge formal.<\/i><\/span><\/p>\n<p><span style=\"font-family: helvetica; font-size: 14px;\"><b>guant<br \/>\n<\/b><\/span><span style=\"font-family: helvetica; font-size: 14px;\">LOCUCI\u00d3 NOVA<br \/>\n<\/span><span style=\"font-family: helvetica; font-size: 14px;\"><b>llan\u00e7ar<\/b><b> <\/b>(o <b>tirar<\/b>) <b>el<\/b><b> <\/b><b>guant<\/b><b> <\/b>(a alg\u00fa) <i>loc.<\/i><i> <\/i><i>verb<\/i>. Desafiar-lo a fer alguna cosa. <i>El cap de l\u2019oposici\u00f3 va llan\u00e7ar el guant a l\u2019equip de govern.<\/i><\/span><\/p>\n<p><span style=\"font-family: helvetica; font-size: 14px;\"><b>guant<br \/>\n<\/b><\/span><span style=\"font-family: helvetica; font-size: 14px;\">LOCUCI\u00d3 NOVA<br \/>\n<\/span><span style=\"font-family: helvetica; font-size: 14px;\"><b>arreplegar<\/b><b> <\/b>(o <b>recollir<\/b>) <b>el<\/b><b> <\/b><b>guant<\/b><b> <\/b><i>loc.<\/i><i> <\/i><i>verb.<\/i><i> <\/i>Acceptar un desafiament. <i>Quan<\/i><i> <\/i><i>va<\/i><i> <\/i><i>sentir<\/i><i> <\/i><i>la<\/i><i> <\/i><i>proposta,<\/i><i> <\/i><i>va<\/i><i> <\/i><i>arreplegar<\/i><i> <\/i><i>el<\/i><i> <\/i><i>guant<\/i><i> <\/i><i>i<\/i><i> <\/i><i>va<\/i><i> <\/i><i>dur<\/i><i> <\/i><i>avant<\/i><i> <\/i><i>el <\/i><i>projecte<\/i>.<\/span><\/p>\n<p><span style=\"font-family: helvetica; font-size: 14px;\"><b>informal<br \/>\n<\/b><\/span><span style=\"font-family: helvetica; font-size: 14px;\">ACCEPCI\u00d3 NOVA<br \/>\n<\/span><span style=\"font-family: helvetica; font-size: 14px;\"><b>2. <\/b><i>adj.<\/i><i> <\/i><i>LING. <\/i>Que es caracteritza (una forma ling\u00fc\u00edstica o un registre) per ser poc acurat i resultar adequat per a situacions en qu\u00e8 predomina la proximitat comunicativa entre els interlocutors. <i>\u00c9s<\/i><i> <\/i><i>una expressi\u00f3 pr\u00f2pia del llenguatge oral informal.<\/i><\/span><\/p>\n<p><span style=\"font-family: helvetica; font-size: 14px;\"><b>mesoperidi<br \/>\n<\/b><\/span><span style=\"font-family: helvetica; font-size: 14px;\">ARTICLE NOU<br \/>\n<\/span><span style=\"font-family: helvetica; font-size: 14px;\"><i>m.<\/i><i> <\/i><i>MICOL.<\/i><i> <\/i>Capa interm\u00e8dia del peridi, quan en t\u00e9 m\u00e9s de dos.<\/span><\/p>\n<p><span style=\"font-family: helvetica; font-size: 14px;\"><b>parcel\u00b7la<br \/>\n<\/b><\/span><span style=\"font-family: helvetica; font-size: 14px;\">INCORPORACI\u00d3 ABREVIATURA<\/span><\/p>\n<ol>\n<li><span style=\"font-family: helvetica; font-size: 14px;\"><i>f.<\/i><i> <\/i><i>DRET<\/i><i> <\/i>[abreviatura <i>parc.<\/i>] Porci\u00f3 xicoteta de terreny, normalment sobrant d&#8217;una altra porci\u00f3 m\u00e9s gran que s&#8217;ha comprat, expropiat o adjudicat.<\/span><\/li>\n<li><span style=\"font-family: helvetica; font-size: 14px;\"><i>f. DRET <\/i>[abreviatura <i>parc.<\/i>] En el cadastre, porci\u00f3 de terreny que pertany a un propietari diferent del de la resta i que \u00e9s objecte d&#8217;una tributaci\u00f3 especial.<\/span><\/li>\n<\/ol>\n<p><span style=\"font-family: helvetica; font-size: 14px;\"><b>prevere<br \/>\n<\/b><\/span><span style=\"font-family: helvetica; font-size: 14px;\">INCORPORACI\u00d3 ABREVIATURA<br \/>\n<\/span><span style=\"font-family: helvetica; font-size: 14px;\"><i>m.<\/i><i> <\/i><i>REL.<\/i><i> <\/i>[abreviatura <i>pvre.<\/i>] Clergue que ha rebut els ordes majors i t\u00e9 la missi\u00f3 primordial de presidir la celebraci\u00f3 de l&#8217;eucaristia.<\/span><\/p>\n<p><span style=\"font-family: helvetica; font-size: 14px;\"><b>refer\u00e8ncia<br \/>\n<\/b><\/span><span style=\"font-family: helvetica; font-size: 14px;\">INCORPORACI\u00d3 ABREVIATURA<br \/>\n<\/span><span style=\"font-family: helvetica; font-size: 14px;\"><i><b>5.<\/b><\/i><i><b> <\/b><\/i><i>f.<\/i><i> <\/i><i>ECON.<\/i><i> <\/i>[abreviatura <i>ref.<\/i>] Codi que permet la identificaci\u00f3 d&#8217;un producte.<\/span><\/p>\n<p><span style=\"font-family: helvetica; font-size: 14px;\"><b>ressignificaci\u00f3<br \/>\n<\/b><\/span><span style=\"font-family: helvetica; font-size: 14px;\">ARTICLE NOU<br \/>\n<\/span><span style=\"font-family: helvetica; font-size: 14px;\"><i>f.<\/i><i> <\/i>Acci\u00f3 o efecte de ressignificar.<\/span><\/p>\n<p><span style=\"font-family: helvetica; font-size: 14px;\"><b>ressignificar<br \/>\n<\/b><\/span><span style=\"font-family: helvetica; font-size: 14px;\">ARTICLE NOU<br \/>\n<\/span><span style=\"font-family: helvetica; font-size: 14px;\"><i>v.<\/i><i> <\/i><i>tr.<\/i><i> <\/i>Atribuir (a alguna cosa) una nova significaci\u00f3 o redefinir-ne el sentit.<\/span><\/p>\n<p><span style=\"font-family: helvetica; font-size: 14px;\"><b>reunir<br \/>\n<\/b><\/span><span style=\"font-family: helvetica; font-size: 14px;\">ACCEPCI\u00d3 NOVA<br \/>\n<\/span><span style=\"font-family: helvetica; font-size: 14px;\"><b>3. <\/b><i>v.<\/i><i> <\/i><i>tr.<\/i><i> <\/i>Complir 3. <i>Reunix<\/i><i> <\/i><i>les<\/i><i> <\/i><i>condicions<\/i><i> <\/i><i>id\u00f2nies<\/i><i> <\/i><i>per<\/i><i> <\/i><i>a<\/i><i> <\/i><i>ser<\/i><i> <\/i><i>una<\/i><i> <\/i><i>bona <\/i><i>candidata.<\/i><\/span><\/p>\n<p><span style=\"font-family: helvetica; font-size: 14px;\"><b>sant<\/b><b> <\/b><b>&#8211;<\/b><b>a<br \/>\n<\/b><\/span><span style=\"font-family: helvetica; font-size: 14px;\">INCORPORACI\u00d3 ABREVIATURA<br \/>\n<\/span><span style=\"font-family: helvetica; font-size: 14px;\"><b>1. <\/b><i>adj. <\/i>i <i>m. <\/i>i <i>f. REL. <\/i>[abreviatura <i>St. <\/i>\/ <i>Sta.<\/i>] Que ha excel\u00b7lit (una persona) per la seua virtut i ha passat a ser model de perfecci\u00f3 i, com a tal, rep culte en el si de l&#8217;Esgl\u00e9sia i \u00e9s invocada com a intercessora davant de D\u00e9u.<\/span><\/p>\n<p><span style=\"font-family: helvetica; font-size: 14px;\"><b>telegrama<br \/>\n<\/b><\/span><span style=\"font-family: helvetica; font-size: 14px;\">INCORPORACI\u00d3 ABREVIATURA<br \/>\n<\/span><span style=\"font-family: helvetica; font-size: 14px;\"><i>m.<\/i><i> <\/i><i>TELECOM.<\/i><i> <\/i>[abreviatura <i>telegr.<\/i>] Escrit enviat per mitj\u00e0 del tel\u00e8graf.<\/span><\/p><\/blockquote>\n","protected":false},"excerpt":{"rendered":"<p>Les novetats que incorpora peri\u00f2dicament el Diccionari normatiu valenci\u00e0 (dnv) de l&#8217;Acad\u00e8mia Valenciana de la llengua, es poden consultar tant a trav\u00e9s de l&#8217;aplicaci\u00f3 en el m\u00f2bil com obrint el document que pengen en el seu web. Segons exposen ells mateixos (consulta: 26.05.2025): S\u2019actualitza tots els mesos com a resultat del treball de l\u2019Acad\u00e8mia Valenciana [&hellip;]<\/p>\n","protected":false},"author":56,"featured_media":0,"comment_status":"open","ping_status":"open","sticky":false,"template":"","format":"standard","meta":{"footnotes":""},"categories":[38,3,16],"tags":[144],"class_list":["post-4677","post","type-post","status-publish","format-standard","hentry","category-avl","category-documentacio","category-lexicografia","tag-diccionaris"],"_links":{"self":[{"href":"https:\/\/www.cdlpv.org\/dtl\/wp-json\/wp\/v2\/posts\/4677","targetHints":{"allow":["GET"]}}],"collection":[{"href":"https:\/\/www.cdlpv.org\/dtl\/wp-json\/wp\/v2\/posts"}],"about":[{"href":"https:\/\/www.cdlpv.org\/dtl\/wp-json\/wp\/v2\/types\/post"}],"author":[{"embeddable":true,"href":"https:\/\/www.cdlpv.org\/dtl\/wp-json\/wp\/v2\/users\/56"}],"replies":[{"embeddable":true,"href":"https:\/\/www.cdlpv.org\/dtl\/wp-json\/wp\/v2\/comments?post=4677"}],"version-history":[{"count":6,"href":"https:\/\/www.cdlpv.org\/dtl\/wp-json\/wp\/v2\/posts\/4677\/revisions"}],"predecessor-version":[{"id":4683,"href":"https:\/\/www.cdlpv.org\/dtl\/wp-json\/wp\/v2\/posts\/4677\/revisions\/4683"}],"wp:attachment":[{"href":"https:\/\/www.cdlpv.org\/dtl\/wp-json\/wp\/v2\/media?parent=4677"}],"wp:term":[{"taxonomy":"category","embeddable":true,"href":"https:\/\/www.cdlpv.org\/dtl\/wp-json\/wp\/v2\/categories?post=4677"},{"taxonomy":"post_tag","embeddable":true,"href":"https:\/\/www.cdlpv.org\/dtl\/wp-json\/wp\/v2\/tags?post=4677"}],"curies":[{"name":"wp","href":"https:\/\/api.w.org\/{rel}","templated":true}]}}