{"id":4669,"date":"2025-02-28T20:30:27","date_gmt":"2025-02-28T18:30:27","guid":{"rendered":"https:\/\/www.cdlpv.org\/dtl\/?p=4669"},"modified":"2025-02-28T10:52:07","modified_gmt":"2025-02-28T08:52:07","slug":"la-sensacio-de-lus","status":"publish","type":"post","link":"https:\/\/www.cdlpv.org\/dtl\/2025\/02\/28\/la-sensacio-de-lus\/","title":{"rendered":"La sensaci\u00f3 de l&#8217;\u00fas"},"content":{"rendered":"<p>L&#8217;Institut d&#8217;Estad\u00edstica de Catalunya (Idescat) ha publicat l&#8217;<em>Enquesta d&#8217;usos ling\u00fc\u00edstics de la poblaci\u00f3<\/em> <a href=\"https:\/\/www.idescat.cat\/pub\/?id=eulp\" target=\"_blank\" rel=\"noopener\"><i class=\"fas fa-external-link-alt\"><\/i><\/a> amb les dades del 2023 enlla\u00e7ades amb les del 2003 i 2008, de manera que es pot seguir l&#8217;evoluci\u00f3 dels coneiximents i els usos en la poblaci\u00f3 de Catalunya. L&#8217;Idescat mostra en la seua p\u00e0gina inicial una gr\u00e0fica on es pot vore el retroc\u00e9s en l&#8217;\u00fas de la llengua en tres aspectes diferents (\u00fas inicial, element d&#8217;identificaci\u00f3 i \u00fas habitual):<\/p>\n<p><a href=\"http:\/\/www.cdlpv.org\/dtl\/wp-content\/uploads\/2025\/02\/EULP-2023-15.png\"><img loading=\"lazy\" decoding=\"async\" class=\" wp-image-4671 aligncenter\" src=\"http:\/\/www.cdlpv.org\/dtl\/wp-content\/uploads\/2025\/02\/EULP-2023-15-300x220.png\" alt=\"\" width=\"367\" height=\"269\" srcset=\"https:\/\/www.cdlpv.org\/dtl\/wp-content\/uploads\/2025\/02\/EULP-2023-15-300x220.png 300w, https:\/\/www.cdlpv.org\/dtl\/wp-content\/uploads\/2025\/02\/EULP-2023-15-768x563.png 768w, https:\/\/www.cdlpv.org\/dtl\/wp-content\/uploads\/2025\/02\/EULP-2023-15.png 908w\" sizes=\"auto, (max-width: 367px) 100vw, 367px\" \/><\/a><\/p>\n<p>Les dades del 2023 del <em>Bar\u00f2metre d\u2019usos personals, professionals i p\u00fablics del valenci\u00e0<\/em> <a href=\"https:\/\/ceice.gva.es\/documents\/161863132\/354107748\/indicadors_web.pdf\/5b9354e6-0332-9b00-3231-bb56a1b05f63?t=1680522134343\" target=\"_blank\" rel=\"noopener\"><i class=\"fas fa-file-pdf\"><\/i><\/a> de la Generalitat valenciana <a href=\"https:\/\/ceice.gva.es\/va\/web\/dgplgm\/enquestes-situacio-valencia\" target=\"_blank\" rel=\"noopener\"><i class=\"fas fa-external-link-alt\"><\/i><\/a> s\u00f3n prou semblants. Encara la concepci\u00f3 de l&#8217;enquesta \u00e9s diferent i no \u00e9s pot fer una comparaci\u00f3 directa, podem percebre el to general de les dades mirant els indicadors d&#8217;usos personals (a casa, amb amistats, amb el ve\u00efnat i amb persones desconegudes):<\/p>\n<p><a href=\"http:\/\/www.cdlpv.org\/dtl\/wp-content\/uploads\/2025\/02\/Barometre-2023-extracte.png\"><img loading=\"lazy\" decoding=\"async\" class=\"size-medium wp-image-4673 aligncenter\" src=\"http:\/\/www.cdlpv.org\/dtl\/wp-content\/uploads\/2025\/02\/Barometre-2023-extracte-300x300.png\" alt=\"\" width=\"300\" height=\"300\" srcset=\"https:\/\/www.cdlpv.org\/dtl\/wp-content\/uploads\/2025\/02\/Barometre-2023-extracte-300x300.png 300w, https:\/\/www.cdlpv.org\/dtl\/wp-content\/uploads\/2025\/02\/Barometre-2023-extracte-150x150.png 150w, https:\/\/www.cdlpv.org\/dtl\/wp-content\/uploads\/2025\/02\/Barometre-2023-extracte.png 648w\" sizes=\"auto, (max-width: 300px) 100vw, 300px\" \/><\/a><\/p>\n<p>Una part de les conclusions de l&#8217;enquesta catalana podrien ser v\u00e0lides tamb\u00e9 per al Pa\u00eds Valenci\u00e0:<\/p>\n<blockquote>\n<ul>\n<li>El creixement de parlants \u00e9s inferior al creixement poblacional [&#8230;].<\/li>\n<li>Per aix\u00f2, tot i cr\u00e9ixer en nombre absolut de parlants, els percentatges del catal\u00e0 es mantenen o baixen.<\/li>\n<li>El nivell de coneixement de catal\u00e0 continua essent inferior al del castell\u00e0 en totes les edats (tend\u00e8ncia a passar-se al castell\u00e0).<\/li>\n<li>L\u2019edat, l\u2019origen geogr\u00e0fic i l\u2019\u00e0mbit d\u2019\u00fas afecten els usos ling\u00fc\u00edstics.<\/li>\n<\/ul>\n<\/blockquote>\n","protected":false},"excerpt":{"rendered":"<p>L&#8217;Institut d&#8217;Estad\u00edstica de Catalunya (Idescat) ha publicat l&#8217;Enquesta d&#8217;usos ling\u00fc\u00edstics de la poblaci\u00f3 amb les dades del 2023 enlla\u00e7ades amb les del 2003 i 2008, de manera que es pot seguir l&#8217;evoluci\u00f3 dels coneiximents i els usos en la poblaci\u00f3 de Catalunya. L&#8217;Idescat mostra en la seua p\u00e0gina inicial una gr\u00e0fica on es pot vore [&hellip;]<\/p>\n","protected":false},"author":56,"featured_media":0,"comment_status":"open","ping_status":"open","sticky":false,"template":"","format":"standard","meta":{"footnotes":""},"categories":[3,47,27],"tags":[177,189],"class_list":["post-4669","post","type-post","status-publish","format-standard","hentry","category-documentacio","category-planificacio","category-sociolinguistica","tag-enquestes","tag-estadistiques"],"_links":{"self":[{"href":"https:\/\/www.cdlpv.org\/dtl\/wp-json\/wp\/v2\/posts\/4669","targetHints":{"allow":["GET"]}}],"collection":[{"href":"https:\/\/www.cdlpv.org\/dtl\/wp-json\/wp\/v2\/posts"}],"about":[{"href":"https:\/\/www.cdlpv.org\/dtl\/wp-json\/wp\/v2\/types\/post"}],"author":[{"embeddable":true,"href":"https:\/\/www.cdlpv.org\/dtl\/wp-json\/wp\/v2\/users\/56"}],"replies":[{"embeddable":true,"href":"https:\/\/www.cdlpv.org\/dtl\/wp-json\/wp\/v2\/comments?post=4669"}],"version-history":[{"count":4,"href":"https:\/\/www.cdlpv.org\/dtl\/wp-json\/wp\/v2\/posts\/4669\/revisions"}],"predecessor-version":[{"id":4675,"href":"https:\/\/www.cdlpv.org\/dtl\/wp-json\/wp\/v2\/posts\/4669\/revisions\/4675"}],"wp:attachment":[{"href":"https:\/\/www.cdlpv.org\/dtl\/wp-json\/wp\/v2\/media?parent=4669"}],"wp:term":[{"taxonomy":"category","embeddable":true,"href":"https:\/\/www.cdlpv.org\/dtl\/wp-json\/wp\/v2\/categories?post=4669"},{"taxonomy":"post_tag","embeddable":true,"href":"https:\/\/www.cdlpv.org\/dtl\/wp-json\/wp\/v2\/tags?post=4669"}],"curies":[{"name":"wp","href":"https:\/\/api.w.org\/{rel}","templated":true}]}}