{"id":4660,"date":"2025-01-20T20:30:45","date_gmt":"2025-01-20T18:30:45","guid":{"rendered":"https:\/\/www.cdlpv.org\/dtl\/?p=4660"},"modified":"2025-02-13T13:49:31","modified_gmt":"2025-02-13T11:49:31","slug":"denominacions-oficials-castello-de-la-plana-castellon-de-la-plana","status":"publish","type":"post","link":"https:\/\/www.cdlpv.org\/dtl\/2025\/01\/20\/denominacions-oficials-castello-de-la-plana-castellon-de-la-plana\/","title":{"rendered":"Denominacions oficials: Castell\u00f3 de la Plana\/Castell\u00f3n de la Plana"},"content":{"rendered":"<p>El municipi de Castell\u00f3 de la Plana (Plana Alta) ha fixat la forma oficial del seu nom (<em><abbr title=\"Diari Oficial de la Generalitat Valenciana\">dogv<\/abbr><\/em>, 18.12.2024 <span class=\"versaleta\"><a href=\"https:\/\/dogv.gva.es\/datos\/2024\/12\/18\/pdf\/2024_13359_va.pdf\" target=\"_blank\" rel=\"noopener\"><i class=\"fas fa-file-pdf\"><\/i><\/a>; <em><abbr title=\"Bollet\u00ed Oficial de l'Estat\">boe<\/abbr><\/em> 17, 20.01.2025 <a href=\"https:\/\/www.boe.es\/boe\/dias\/2025\/01\/20\/pdfs\/BOE-A-2025-934.pdf\" target=\"_blank\" rel=\"noopener\"><i class=\"fas fa-file-pdf\"><\/i><\/a>):<\/span><\/p>\n<blockquote><p>Decret 187\/2024, de 17 de desembre, del Consell, pel qual s\u2019aprova el canvi de denominaci\u00f3 del municipi de Castell\u00f3 de la Plana per la forma biling\u00fce Castell\u00f3 de la Plana\/Castell\u00f3n de la Plana.<\/p><\/blockquote>\n<p>M\u00e9s denominacions oficials en: \u00abMunicipis i comarques (PV)\u00bb <a href=\"http:\/\/www.cdlpv.org\/fitxes\/municipis-i-comarques-del-pais-valencia\/\" target=\"_blank\" rel=\"noopener\"><i class=\"fas fa-external-link-alt\"><\/i><\/a><\/p>\n","protected":false},"excerpt":{"rendered":"<p>El municipi de Castell\u00f3 de la Plana (Plana Alta) ha fixat la forma oficial del seu nom (dogv, 18.12.2024 ; boe 17, 20.01.2025 ): Decret 187\/2024, de 17 de desembre, del Consell, pel qual s\u2019aprova el canvi de denominaci\u00f3 del municipi de Castell\u00f3 de la Plana per la forma biling\u00fce Castell\u00f3 de la Plana\/Castell\u00f3n de [&hellip;]<\/p>\n","protected":false},"author":56,"featured_media":0,"comment_status":"open","ping_status":"open","sticky":false,"template":"","format":"standard","meta":{"footnotes":""},"categories":[32],"tags":[50],"class_list":["post-4660","post","type-post","status-publish","format-standard","hentry","category-toponimia","tag-administracio-local"],"_links":{"self":[{"href":"https:\/\/www.cdlpv.org\/dtl\/wp-json\/wp\/v2\/posts\/4660","targetHints":{"allow":["GET"]}}],"collection":[{"href":"https:\/\/www.cdlpv.org\/dtl\/wp-json\/wp\/v2\/posts"}],"about":[{"href":"https:\/\/www.cdlpv.org\/dtl\/wp-json\/wp\/v2\/types\/post"}],"author":[{"embeddable":true,"href":"https:\/\/www.cdlpv.org\/dtl\/wp-json\/wp\/v2\/users\/56"}],"replies":[{"embeddable":true,"href":"https:\/\/www.cdlpv.org\/dtl\/wp-json\/wp\/v2\/comments?post=4660"}],"version-history":[{"count":3,"href":"https:\/\/www.cdlpv.org\/dtl\/wp-json\/wp\/v2\/posts\/4660\/revisions"}],"predecessor-version":[{"id":4667,"href":"https:\/\/www.cdlpv.org\/dtl\/wp-json\/wp\/v2\/posts\/4660\/revisions\/4667"}],"wp:attachment":[{"href":"https:\/\/www.cdlpv.org\/dtl\/wp-json\/wp\/v2\/media?parent=4660"}],"wp:term":[{"taxonomy":"category","embeddable":true,"href":"https:\/\/www.cdlpv.org\/dtl\/wp-json\/wp\/v2\/categories?post=4660"},{"taxonomy":"post_tag","embeddable":true,"href":"https:\/\/www.cdlpv.org\/dtl\/wp-json\/wp\/v2\/tags?post=4660"}],"curies":[{"name":"wp","href":"https:\/\/api.w.org\/{rel}","templated":true}]}}