{"id":4640,"date":"2024-11-29T20:30:57","date_gmt":"2024-11-29T18:30:57","guid":{"rendered":"https:\/\/www.cdlpv.org\/dtl\/?p=4640"},"modified":"2024-11-29T10:50:38","modified_gmt":"2024-11-29T08:50:38","slug":"modificacions-en-les-obres-normatives-de-linstitut-destudis-catalans","status":"publish","type":"post","link":"https:\/\/www.cdlpv.org\/dtl\/2024\/11\/29\/modificacions-en-les-obres-normatives-de-linstitut-destudis-catalans\/","title":{"rendered":"Modificacions en les obres normatives de l&#8217;Institut d&#8217;Estudis Catalans"},"content":{"rendered":"<p><a href=\"http:\/\/www.cdlpv.org\/dtl\/wp-content\/uploads\/2024\/11\/DIEC-GIEC.png\"><img loading=\"lazy\" decoding=\"async\" class=\"size-medium wp-image-4650 alignleft\" src=\"http:\/\/www.cdlpv.org\/dtl\/wp-content\/uploads\/2024\/11\/DIEC-GIEC-211x300.png\" alt=\"\" width=\"211\" height=\"300\" srcset=\"https:\/\/www.cdlpv.org\/dtl\/wp-content\/uploads\/2024\/11\/DIEC-GIEC-211x300.png 211w, https:\/\/www.cdlpv.org\/dtl\/wp-content\/uploads\/2024\/11\/DIEC-GIEC.png 300w\" sizes=\"auto, (max-width: 211px) 100vw, 211px\" \/><\/a>El <em>Diccionari de la llengua catalana<\/em> <em><abbr title=\"Diccionari de la llengua catalana\">(diec)<\/abbr><\/em> <a href=\"https:\/\/dlc.iec.cat\/\" target=\"_blank\" rel=\"noopener\"><i class=\"fas fa-external-link-alt\"><\/i><\/a> de l&#8217;Institut d&#8217;Estudis Catalans ha incorporat termes nous durant l&#8217;any 2024: <a title=\"Juny 2024\" href=\"https:\/\/dlc.iec.cat\/pdf\/Actualitzacio_2024_1_penjat27112024.pdf\" target=\"_blank\" rel=\"noopener\"><i class=\"fas fa-file-pdf\"><\/i><\/a> <a title=\"Novembre 2024\" href=\"https:\/\/dlc.iec.cat\/pdf\/Actualitzacio_2024_2_penjat27112024.pdf\" target=\"_blank\" rel=\"noopener\"><i class=\"fas fa-file-pdf\"><\/i><\/a><\/p>\n<blockquote><p><strong>Novetats de juny del 2024:<\/strong> aerol\u00ednia, alcaldable, asturlleon\u00e8s -esa, autocaravana, bl\u00edster, bresquiller, bresquillera, bresquillerar, c\u00e0tering, ciberatac, cimentera, competencial, cooperant, dat\u00e0fon, demonitzar, dessalinitzador -ra, doblador<sup>2<\/sup> dobladora, enoteca, esnifar, extracomunitari -t\u00e0ria, reciprocitat., extra\u00efble, fidelitzaci\u00f3, fidelitzar, forfoll, fotoperiodisme, fotoperiodista, futurible, garrot\u00edn, gihadisme, gihadista, gint\u00f2nic, glamur\u00f3s -rosa, gomina, gorro, halibut, infusionar, internet, itiner\u00e0ncia, juguera, kebab, led, lleute, llucet, mantra, m\u00e8dia, medi\u00e0tic -ca, mirand\u00e8s -desa, mono<sup>2<\/sup>, moscat<sup>2<\/sup>, p\u00e0del, panga, parafarm\u00e0cia, pataca, picadeta, pita<sup>2<\/sup>, pixelar, porexpan, precaritzaci\u00f3, precaritzar, presidenciable, rebotejador -ra, rebotejar, reny\u00f3, renyonada, renyonera, ronyonera, rostisseria, sobrep\u00e8s, tempura, tetrapl\u00e8gic -ca, tiramis\u00fa, tra\u00e7abilitat, versionar, vinoteca, xapata, xistorra<\/p>\n<p><strong>Novetats de novembre del 2024:<\/strong> anou, anouer, anouera, batucada, criptog\u00ednia, <em>paparazzi<\/em> <a title=\"Manlleu no adaptat de l'itali\u00e0\">[it.]<\/a>, preestrena, raclet, sardisme<\/p><\/blockquote>\n<p>A m\u00e9s d&#8217;incloure entrades noves, tamb\u00e9 s&#8217;ha modificat la redacci\u00f3 de diverses entrades del diccionari. I tamb\u00e9 hi ha modificacions en la redacci\u00f3 de la gram\u00e0tica de l&#8217;<abbr title=\"Institut d'Estudis Catalans\">iec,<\/abbr> en els apartats 4.4.1.2.<em>c<\/em>, 4.4.3.3, 8.5.1.<em>c<\/em>, 17.4, 17.4.1.<em>e<\/em>, 18.6.1.2.<em>c<\/em>, 19.5.<em>b<\/em>, 19.5.<em>c<\/em>, 19.5.1.<em>c<\/em>, 21.4.1, 21.4.3, 22.4.1.2.<em>e<\/em>, 25.4.7.<em>b<\/em>, 31.5.4, 34.2.5.2.<em>c<\/em>, 34.2.5.3 i 34.7.1. <a href=\"https:\/\/giec.iec.cat\/assets\/documents\/AGIEC_2024_Web.pdf\" target=\"_blank\" rel=\"noopener\"><i class=\"fas fa-file-pdf\"><\/i><\/a><\/p>\n<p>Estes informacions estan disponibles en l\u00ednia en els webs del <span class=\"versaleta\"><em>diec<\/em> <\/span><a href=\"https:\/\/dlc.iec.cat\/Esmenes\" target=\"_blank\" rel=\"noopener\"><i class=\"fas fa-external-link-alt\"><\/i><\/a> i de la <span class=\"versaleta\"><em>giec<\/em><\/span>. <a href=\"https:\/\/giec.iec.cat\/novetats\" target=\"_blank\" rel=\"noopener\"><i class=\"fas fa-external-link-alt\"><\/i><\/a><\/p>\n","protected":false},"excerpt":{"rendered":"<p>El Diccionari de la llengua catalana (diec) de l&#8217;Institut d&#8217;Estudis Catalans ha incorporat termes nous durant l&#8217;any 2024: Novetats de juny del 2024: aerol\u00ednia, alcaldable, asturlleon\u00e8s -esa, autocaravana, bl\u00edster, bresquiller, bresquillera, bresquillerar, c\u00e0tering, ciberatac, cimentera, competencial, cooperant, dat\u00e0fon, demonitzar, dessalinitzador -ra, doblador2 dobladora, enoteca, esnifar, extracomunitari -t\u00e0ria, reciprocitat., extra\u00efble, fidelitzaci\u00f3, fidelitzar, forfoll, fotoperiodisme, fotoperiodista, futurible, [&hellip;]<\/p>\n","protected":false},"author":56,"featured_media":0,"comment_status":"open","ping_status":"open","sticky":false,"template":"","format":"standard","meta":{"footnotes":""},"categories":[3,46,16,17],"tags":[144,227],"class_list":["post-4640","post","type-post","status-publish","format-standard","hentry","category-documentacio","category-iec","category-lexicografia","category-normativa","tag-diccionaris","tag-gramatica"],"_links":{"self":[{"href":"https:\/\/www.cdlpv.org\/dtl\/wp-json\/wp\/v2\/posts\/4640","targetHints":{"allow":["GET"]}}],"collection":[{"href":"https:\/\/www.cdlpv.org\/dtl\/wp-json\/wp\/v2\/posts"}],"about":[{"href":"https:\/\/www.cdlpv.org\/dtl\/wp-json\/wp\/v2\/types\/post"}],"author":[{"embeddable":true,"href":"https:\/\/www.cdlpv.org\/dtl\/wp-json\/wp\/v2\/users\/56"}],"replies":[{"embeddable":true,"href":"https:\/\/www.cdlpv.org\/dtl\/wp-json\/wp\/v2\/comments?post=4640"}],"version-history":[{"count":8,"href":"https:\/\/www.cdlpv.org\/dtl\/wp-json\/wp\/v2\/posts\/4640\/revisions"}],"predecessor-version":[{"id":4651,"href":"https:\/\/www.cdlpv.org\/dtl\/wp-json\/wp\/v2\/posts\/4640\/revisions\/4651"}],"wp:attachment":[{"href":"https:\/\/www.cdlpv.org\/dtl\/wp-json\/wp\/v2\/media?parent=4640"}],"wp:term":[{"taxonomy":"category","embeddable":true,"href":"https:\/\/www.cdlpv.org\/dtl\/wp-json\/wp\/v2\/categories?post=4640"},{"taxonomy":"post_tag","embeddable":true,"href":"https:\/\/www.cdlpv.org\/dtl\/wp-json\/wp\/v2\/tags?post=4640"}],"curies":[{"name":"wp","href":"https:\/\/api.w.org\/{rel}","templated":true}]}}