{"id":4635,"date":"2024-11-27T20:30:36","date_gmt":"2024-11-27T18:30:36","guid":{"rendered":"https:\/\/www.cdlpv.org\/dtl\/?p=4635"},"modified":"2024-11-27T10:28:35","modified_gmt":"2024-11-27T08:28:35","slug":"el-dret-a-defendres-en-valencia","status":"publish","type":"post","link":"https:\/\/www.cdlpv.org\/dtl\/2024\/11\/27\/el-dret-a-defendres-en-valencia\/","title":{"rendered":"El dret a defendre&#8217;s en valenci\u00e0"},"content":{"rendered":"<p><a href=\"http:\/\/www.cdlpv.org\/dtl\/wp-content\/uploads\/2024\/11\/BOE.png\"><img loading=\"lazy\" decoding=\"async\" class=\"size-medium wp-image-4638 alignleft\" src=\"http:\/\/www.cdlpv.org\/dtl\/wp-content\/uploads\/2024\/11\/BOE-186x300.png\" alt=\"BOE\" width=\"186\" height=\"300\" srcset=\"https:\/\/www.cdlpv.org\/dtl\/wp-content\/uploads\/2024\/11\/BOE-186x300.png 186w, https:\/\/www.cdlpv.org\/dtl\/wp-content\/uploads\/2024\/11\/BOE.png 241w\" sizes=\"auto, (max-width: 186px) 100vw, 186px\" \/><\/a>L&#8217;article \u00abLa nova Llei del dret de defensa permet usar el catal\u00e0 en jutjats de tot l\u2019Estat\u00bb (<em>Diari La Veu del Pa\u00eds<\/em> Valenci\u00e0, 22.11.2024), <a href=\"https:\/\/www.diarilaveu.cat\/societat\/la-nova-llei-del-dret-de-defensa-permet-usar-el-catala-en-jutjats-de-tot-lestat-564859\/\" target=\"_blank\" rel=\"noopener\"><i class=\"fas fa-external-link-alt\"><\/i><\/a> informa de la tasca feta per la Plataforma per la Llengua en la redacci\u00f3 de la Llei 5\/2024, del dret de defensa, <a href=\"https:\/\/www.boe.es\/buscar\/pdf\/2024\/BOE-A-2024-23630-consolidado.pdf\" target=\"_blank\" rel=\"noopener\"><i class=\"fas fa-file-pdf\"><\/i><\/a> que entrar\u00e0 en vigor el dia 4 de desembre. Gr\u00e0cies a esta faena, la lletra <em>d<\/em> de l&#8217;article 10 i l&#8217;article 11 inclouen el dret a l&#8217;\u00fas de les lleng\u00fces oficials davant l&#8217;administraci\u00f3 de just\u00edcia:<\/p>\n<blockquote><p><strong>Article 10. <\/strong><em>Drets davant els tribunals i en les relacions amb l&#8217;administraci\u00f3 de just\u00edcia<\/em><strong><br \/>\n<\/strong>Els titulars del dret de defensa davant dels jutjats i en les seues relacions amb l&#8217;administraci\u00f3 de just\u00edcia tenen, entre altres, els drets seg\u00fcents:<strong><br \/>\n<\/strong>[&#8230;]<em><br \/>\nd<\/em>) En els procediments davant dels \u00f2rgans amb jurisdicci\u00f3 a tot l&#8217;estat, a utilitzar qualsevol de les lleng\u00fces oficials de la comunitat aut\u00f2noma on residixquen o on s&#8217;hagen incoat procediments judicials, i tamb\u00e9 a rebre en qualsevol d&#8217;estes lleng\u00fces les comunicacions produ\u00efdes.<\/p>\n<p><strong>Article 11. <\/strong><em>Dret a int\u00e8rpret i\/o traductor<\/em><br \/>\nSi l&#8217;\u00fas d&#8217;una llengua determinada, especialment la materna o una de les lleng\u00fces oficials en les comunitats aut\u00f2nomes, contribu\u00efx a garantir l&#8217;exercici del dret de defensa, el jutjat o tribunal ha de posar a disposici\u00f3 dels intervenents que ho requerixquen els mecanismes rellevants d&#8217;interpretaci\u00f3 i\/o traducci\u00f3.<\/p><\/blockquote>\n<p>Conv\u00e9 observar, tal com assenyala Sebasti\u00e0 Carratal\u00e0, que la lletra <em>d<\/em> de l&#8217;article 10 garantix el dret a l&#8217;\u00fas de la llengua, per\u00f2 que el dret a interpretaci\u00f3 o traducci\u00f3 est\u00e0 condicionat a la valoraci\u00f3 que facen els tribunals d&#8217;eixa necessitat.<\/p>\n","protected":false},"excerpt":{"rendered":"<p>L&#8217;article \u00abLa nova Llei del dret de defensa permet usar el catal\u00e0 en jutjats de tot l\u2019Estat\u00bb (Diari La Veu del Pa\u00eds Valenci\u00e0, 22.11.2024), informa de la tasca feta per la Plataforma per la Llengua en la redacci\u00f3 de la Llei 5\/2024, del dret de defensa, que entrar\u00e0 en vigor el dia 4 de desembre. [&hellip;]<\/p>\n","protected":false},"author":56,"featured_media":0,"comment_status":"open","ping_status":"open","sticky":false,"template":"","format":"standard","meta":{"footnotes":""},"categories":[41,42,4],"tags":[190,263,274],"class_list":["post-4635","post","type-post","status-publish","format-standard","hentry","category-castella","category-cinema-comunicacio","category-dret","tag-estat-espanyol","tag-justicia-espanyola","tag-legislacio"],"_links":{"self":[{"href":"https:\/\/www.cdlpv.org\/dtl\/wp-json\/wp\/v2\/posts\/4635","targetHints":{"allow":["GET"]}}],"collection":[{"href":"https:\/\/www.cdlpv.org\/dtl\/wp-json\/wp\/v2\/posts"}],"about":[{"href":"https:\/\/www.cdlpv.org\/dtl\/wp-json\/wp\/v2\/types\/post"}],"author":[{"embeddable":true,"href":"https:\/\/www.cdlpv.org\/dtl\/wp-json\/wp\/v2\/users\/56"}],"replies":[{"embeddable":true,"href":"https:\/\/www.cdlpv.org\/dtl\/wp-json\/wp\/v2\/comments?post=4635"}],"version-history":[{"count":3,"href":"https:\/\/www.cdlpv.org\/dtl\/wp-json\/wp\/v2\/posts\/4635\/revisions"}],"predecessor-version":[{"id":4637,"href":"https:\/\/www.cdlpv.org\/dtl\/wp-json\/wp\/v2\/posts\/4635\/revisions\/4637"}],"wp:attachment":[{"href":"https:\/\/www.cdlpv.org\/dtl\/wp-json\/wp\/v2\/media?parent=4635"}],"wp:term":[{"taxonomy":"category","embeddable":true,"href":"https:\/\/www.cdlpv.org\/dtl\/wp-json\/wp\/v2\/categories?post=4635"},{"taxonomy":"post_tag","embeddable":true,"href":"https:\/\/www.cdlpv.org\/dtl\/wp-json\/wp\/v2\/tags?post=4635"}],"curies":[{"name":"wp","href":"https:\/\/api.w.org\/{rel}","templated":true}]}}