{"id":463,"date":"2008-08-14T19:52:26","date_gmt":"2008-08-14T18:52:26","guid":{"rendered":"http:\/\/www.cdlpv.org\/dtl\/?p=463"},"modified":"2008-08-14T19:52:26","modified_gmt":"2008-08-14T18:52:26","slug":"del-catala-complet-cap-al-mon","status":"publish","type":"post","link":"https:\/\/www.cdlpv.org\/dtl\/2008\/08\/14\/del-catala-complet-cap-al-mon\/","title":{"rendered":"Del catal\u00e0 (complet) cap al m\u00f3n"},"content":{"rendered":"<p>Sam Dracir comenta en la revista <em>El Temps<\/em> (12.08.2008), \u00abGoogle i la cultura catalana\u00bb, l&#8217;acord de l&#8217;<span class=\"versaleta\">iec<\/span> amb Google per a la digitalitzaci\u00f3 dels fons de l&#8217;institut. Hi ha un per\u00f2:<\/p>\n<blockquote><p>Que si no saps catal\u00e0, de res no et servir\u00e0 tota aquesta informaci\u00f3. \u00c9s per aix\u00f2 que, malgrat la sensibilitat catalana derivada de la plataforma oberta que significa Google, si volem una cultura amb futur ens haurem de posar les piles (inform\u00e0tiques). Qui sabr\u00e0 que existim si no ens entenen?<\/p><\/blockquote>\n<p>En eixe sentit, convindria que els t\u00e8cnics ling\u00fc\u00edstics valencians enviaren un suggeriment a la secretaria de pol\u00edtica ling\u00fc\u00edstica de la <a href=\"http:\/\/www20.gencat.cat\/portal\/site\/Llengcat\/menuitem.91021952ed2301e7a129d410b0c0e1a0\/?vgnextoid=56e2929450071110VgnVCM1000000b0c1e0aRCRD&#038;vgnextchannel=56e2929450071110VgnVCM1000000b0c1e0aRCRD&#038;vgnextfmt=default&#038;newLang=ca_ES\" target=\"_blank\">Generalitat de Catalunya<\/a>, a fi que incloguera totes les formes que puguera en el seu traductor autom\u00e0tic. Actualment no reconeix (traduint a l&#8217;angl\u00e9s) coses tan simples com l&#8217;accentuaci\u00f3 occidental <em>(inter\u00e9s)<\/em>, moltes formes incoatives <em>(servixc)<\/em> i altres variants <em>(huit, hui, vore)<\/em>.<\/p>\n<p>Cal tindre en compte que els blocs poden incorporar &mdash;per a aconseguir el que proposava Sam Dracir&mdash; la passarel\u00b7la proporcionada per la comunitat de blocs <a href=\"http:\/\/www.empresadata.com\/trad\/index.php\" target=\"_blank\">Bloctum<\/a>, que utilitza el traductor de la Generalitat de Catalunya i permet fer versions a diverses lleng\u00fces.<\/p>\n","protected":false},"excerpt":{"rendered":"<p>Sam Dracir comenta en la revista El Temps (12.08.2008), \u00abGoogle i la cultura catalana\u00bb, l&#8217;acord de l&#8217;iec amb Google per a la digitalitzaci\u00f3 dels fons de l&#8217;institut. Hi ha un per\u00f2: Que si no saps catal\u00e0, de res no et servir\u00e0 tota aquesta informaci\u00f3. \u00c9s per aix\u00f2 que, malgrat la sensibilitat catalana derivada de la [&hellip;]<\/p>\n","protected":false},"author":2,"featured_media":0,"comment_status":"open","ping_status":"open","sticky":false,"template":"","format":"standard","meta":{"footnotes":""},"categories":[2,1,12,17,27],"tags":[223,428,479],"class_list":["post-463","post","type-post","status-publish","format-standard","hentry","category-comunicacio","category-general","category-informatica","category-normativa","category-sociolinguistica","tag-generalitat-de-catalunya","tag-sam-dracir","tag-traduccions"],"_links":{"self":[{"href":"https:\/\/www.cdlpv.org\/dtl\/wp-json\/wp\/v2\/posts\/463","targetHints":{"allow":["GET"]}}],"collection":[{"href":"https:\/\/www.cdlpv.org\/dtl\/wp-json\/wp\/v2\/posts"}],"about":[{"href":"https:\/\/www.cdlpv.org\/dtl\/wp-json\/wp\/v2\/types\/post"}],"author":[{"embeddable":true,"href":"https:\/\/www.cdlpv.org\/dtl\/wp-json\/wp\/v2\/users\/2"}],"replies":[{"embeddable":true,"href":"https:\/\/www.cdlpv.org\/dtl\/wp-json\/wp\/v2\/comments?post=463"}],"version-history":[{"count":0,"href":"https:\/\/www.cdlpv.org\/dtl\/wp-json\/wp\/v2\/posts\/463\/revisions"}],"wp:attachment":[{"href":"https:\/\/www.cdlpv.org\/dtl\/wp-json\/wp\/v2\/media?parent=463"}],"wp:term":[{"taxonomy":"category","embeddable":true,"href":"https:\/\/www.cdlpv.org\/dtl\/wp-json\/wp\/v2\/categories?post=463"},{"taxonomy":"post_tag","embeddable":true,"href":"https:\/\/www.cdlpv.org\/dtl\/wp-json\/wp\/v2\/tags?post=463"}],"curies":[{"name":"wp","href":"https:\/\/api.w.org\/{rel}","templated":true}]}}