{"id":4619,"date":"2024-11-21T16:00:30","date_gmt":"2024-11-21T14:00:30","guid":{"rendered":"https:\/\/www.cdlpv.org\/dtl\/?p=4619"},"modified":"2024-11-21T14:01:20","modified_gmt":"2024-11-21T12:01:20","slug":"la-comunicacio-clara","status":"publish","type":"post","link":"https:\/\/www.cdlpv.org\/dtl\/2024\/11\/21\/la-comunicacio-clara\/","title":{"rendered":"La comunicaci\u00f3 clara"},"content":{"rendered":"<figure id=\"attachment_4622\" aria-describedby=\"caption-attachment-4622\" style=\"width: 249px\" class=\"wp-caption alignleft\"><a href=\"https:\/\/www.afci.asso.fr\/publications\/toutes-les-publications\/la-langue-de-bois-ou-la-vie-en-moins\/\"><img loading=\"lazy\" decoding=\"async\" class=\"wp-image-4622\" src=\"http:\/\/www.cdlpv.org\/dtl\/wp-content\/uploads\/2024\/11\/Langue-de-bois-287x300.png\" alt=\"\" width=\"249\" height=\"260\" srcset=\"https:\/\/www.cdlpv.org\/dtl\/wp-content\/uploads\/2024\/11\/Langue-de-bois-287x300.png 287w, https:\/\/www.cdlpv.org\/dtl\/wp-content\/uploads\/2024\/11\/Langue-de-bois.png 467w\" sizes=\"auto, (max-width: 249px) 100vw, 249px\" \/><\/a><figcaption id=\"caption-attachment-4622\" class=\"wp-caption-text\"><span style=\"font-size: 10px;\"><span style=\"font-size: 11px;\">Il\u00b7lustraci\u00f3 del dossier <em>La langue de bois ou la vie en moins<\/em> <a href=\"https:\/\/www.afci.asso.fr\/publications\/toutes-les-publications\/la-langue-de-bois-ou-la-vie-en-moins\/\" target=\"_blank\" rel=\"noopener\">&#x1f517;<\/a> de l&#8217;Association Fran\u00e7aise de Communication Interne.\/Sel\u00e7uk Demirel.<\/span><a href=\"https:\/\/fr.wikipedia.org\/wiki\/Sel%C3%A7uk_Demirel\" target=\"_blank\" rel=\"noopener\"><sup><span style=\"font-size: 11px;\">W<\/span><\/sup><\/a><\/span><\/figcaption><\/figure>\n<p>L&#8217;apunt \u00abResum de la jornada \u201cDel llenguatge planer cap a la comunicaci\u00f3 clara en l\u2019\u00e0mbit de l\u2019Administraci\u00f3 p\u00fablica\u201d\u00bb d&#8217;Anna Arnall (21.11.2024, bloc de la <em>Revista de Llengua i Dret<\/em>), <a href=\"https:\/\/eapc-rld.blog.gencat.cat\/2024\/11\/21\/resum-de-la-jornada-del-llenguatge-planer-cap-a-la-comunicacio-clara-en-lambit-de-ladministracio-publica-anna-arnall\/\" target=\"_blank\" rel=\"noopener\">&#x1f517;<\/a> a m\u00e9s del resum escrit permet accedir al v\u00eddeo de la jornada. <a href=\"https:\/\/www.youtube.com\/watch?v=4FeC2fOS8gE\" target=\"_blank\" rel=\"noopener\">&#x1f3ac;<\/a><\/p>\n<p>La part d&#8217;esta q\u00fcesti\u00f3 relacionada amb la faena dels t\u00e8cnics i t\u00e8cniques, m\u00e9s enll\u00e0 de la idea general de comunicaci\u00f3 efectiva que hauria de guiar l&#8217;activitat ling\u00fc\u00edstica de l&#8217;administraci\u00f3, es podria concentrar essencialment en un punt:<\/p>\n<blockquote><p>Des del camp de la ling\u00fc\u00edstica, s\u2019ha recordat que el llenguatge administratiu catal\u00e0 est\u00e0 basat en els principis de la comunicaci\u00f3 clara i aix\u00ed ho expressen tots els manuals i materials did\u00e0ctics publicats per institucions d\u2019Andorra, Catalunya, les Illes Balears i el Pa\u00eds Valenci\u00e0. Cal fer esfor\u00e7os perqu\u00e8 totes les persones amb responsabilitats en la redacci\u00f3 i publicaci\u00f3 de textos en webs de les administracions p\u00fabliques aprenguin i implementin les estrat\u00e8gies de comunicaci\u00f3 clara.<\/p><\/blockquote>\n<p>Encara \u00e9s massa sovint complicat matindre una \u00abcomunicaci\u00f3 abstrusa\u00bb amb l&#8217;administraci\u00f3 p\u00fablica valenciana en general, aixina que aconseguir una \u00abcomunicaci\u00f3 clara\u00bb deu ser un objectiu destitjable i una tasca ingent i molt necess\u00e0ria.<\/p>\n","protected":false},"excerpt":{"rendered":"<p>L&#8217;apunt \u00abResum de la jornada \u201cDel llenguatge planer cap a la comunicaci\u00f3 clara en l\u2019\u00e0mbit de l\u2019Administraci\u00f3 p\u00fablica\u201d\u00bb d&#8217;Anna Arnall (21.11.2024, bloc de la Revista de Llengua i Dret), &#x1f517; a m\u00e9s del resum escrit permet accedir al v\u00eddeo de la jornada. &#x1f3ac; La part d&#8217;esta q\u00fcesti\u00f3 relacionada amb la faena dels t\u00e8cnics i t\u00e8cniques, [&hellip;]<\/p>\n","protected":false},"author":56,"featured_media":0,"comment_status":"open","ping_status":"open","sticky":false,"template":"","format":"standard","meta":{"footnotes":""},"categories":[2,4,19,27],"tags":[282,285],"class_list":["post-4619","post","type-post","status-publish","format-standard","hentry","category-comunicacio","category-dret","category-politica","category-sociolinguistica","tag-llengua-i-dret","tag-llenguatge-administratiu"],"_links":{"self":[{"href":"https:\/\/www.cdlpv.org\/dtl\/wp-json\/wp\/v2\/posts\/4619","targetHints":{"allow":["GET"]}}],"collection":[{"href":"https:\/\/www.cdlpv.org\/dtl\/wp-json\/wp\/v2\/posts"}],"about":[{"href":"https:\/\/www.cdlpv.org\/dtl\/wp-json\/wp\/v2\/types\/post"}],"author":[{"embeddable":true,"href":"https:\/\/www.cdlpv.org\/dtl\/wp-json\/wp\/v2\/users\/56"}],"replies":[{"embeddable":true,"href":"https:\/\/www.cdlpv.org\/dtl\/wp-json\/wp\/v2\/comments?post=4619"}],"version-history":[{"count":4,"href":"https:\/\/www.cdlpv.org\/dtl\/wp-json\/wp\/v2\/posts\/4619\/revisions"}],"predecessor-version":[{"id":4624,"href":"https:\/\/www.cdlpv.org\/dtl\/wp-json\/wp\/v2\/posts\/4619\/revisions\/4624"}],"wp:attachment":[{"href":"https:\/\/www.cdlpv.org\/dtl\/wp-json\/wp\/v2\/media?parent=4619"}],"wp:term":[{"taxonomy":"category","embeddable":true,"href":"https:\/\/www.cdlpv.org\/dtl\/wp-json\/wp\/v2\/categories?post=4619"},{"taxonomy":"post_tag","embeddable":true,"href":"https:\/\/www.cdlpv.org\/dtl\/wp-json\/wp\/v2\/tags?post=4619"}],"curies":[{"name":"wp","href":"https:\/\/api.w.org\/{rel}","templated":true}]}}