{"id":4592,"date":"2024-09-30T20:30:47","date_gmt":"2024-09-30T18:30:47","guid":{"rendered":"https:\/\/www.cdlpv.org\/dtl\/?p=4592"},"modified":"2024-09-30T08:54:47","modified_gmt":"2024-09-30T06:54:47","slug":"laplicacio-de-la-legislacio-europea","status":"publish","type":"post","link":"https:\/\/www.cdlpv.org\/dtl\/2024\/09\/30\/laplicacio-de-la-legislacio-europea\/","title":{"rendered":"L&#8217;aplicaci\u00f3 de la legislaci\u00f3 europea"},"content":{"rendered":"<p><a title=\"L'extensi\u00f3 de la llengua al 1907\" href=\"https:\/\/ca.wikipedia.org\/wiki\/Lleng%C3%BCes_d%27Europa\"><img loading=\"lazy\" decoding=\"async\" class=\"alignleft wp-image-4596 size-full\" src=\"http:\/\/www.cdlpv.org\/dtl\/wp-content\/uploads\/2024\/09\/Mar-llengua.png\" alt=\"\" width=\"263\" height=\"263\" srcset=\"https:\/\/www.cdlpv.org\/dtl\/wp-content\/uploads\/2024\/09\/Mar-llengua.png 263w, https:\/\/www.cdlpv.org\/dtl\/wp-content\/uploads\/2024\/09\/Mar-llengua-150x150.png 150w\" sizes=\"auto, (max-width: 263px) 100vw, 263px\" \/><\/a>L&#8217;estat espanyol incomplix des de fa molts anys la legislaci\u00f3 europea (Mois\u00e9s P\u00e9rez, \u00abEspanya, m\u00e9s de dues d\u00e8cades d&#8217;incompliments de la convenci\u00f3 ling\u00fc\u00edstica europea\u00bb, <em>El Temps,<\/em> 17.01.2024) <a href=\"https:\/\/www.eltemps.cat\/article\/59684\/espanya-mes-de-dues-decades-dincompliments-de-la-convencio-linguistica-europea\" target=\"_blank\" rel=\"noopener\"><i class=\"fas fa-external-link-alt\"><\/i><\/a> tant administrativament com judicialment. \u00c9s una legislaci\u00f3 que no cont\u00e9 sancions, abs\u00e8ncia que els anima a continuar incomplint-la. De totes formes, \u00e9s positiu que de tant en tant algun organisme europeu ho fa\u00e7a vore, perqu\u00e8 els tractats internacionals tamb\u00e9 s\u00f3n part del dret que cal aplicar a l&#8217;estat espanyol.<\/p>\n<p>Esta setmana pod\u00edem trobar en els mitjans la informaci\u00f3 sobre l&#8217;informe <a title=\"Informe en angl\u00e9s\" href=\"https:\/\/rm.coe.int\/spainecrml6-en\/1680b1b32d\" target=\"_blank\" rel=\"noopener\"><i class=\"fas fa-file-pdf\"><\/i><\/a> del comit\u00e8 d&#8217;experts sobre la Carta Europea de les Lleng\u00fces Regionals o Minorit\u00e0ries del Consell d&#8217;Europa:<\/p>\n<blockquote>\n<h2>El Consell d\u2019Europa veu \u00abdeteriorament\u00bb de la llengua al Pa\u00eds Valenci\u00e0<\/h2>\n<h3>\u00abPreocupaci\u00f3\u00bb dels experts per la sent\u00e8ncia del TSJC que ordena un 25% de classes en castell\u00e0 a l&#8217;escola<\/h3>\n<div align=\"right\">Sebasti\u00e0 Carratal\u00e0, <em>Diari La Veu del Pa\u00eds Valenci\u00e0<\/em>, 24.09.2024. <a href=\"https:\/\/www.diarilaveu.cat\/cultura\/el-consell-deuropa-veu-deteriorament-de-la-llengua-al-pais-valencia-555215\/\" target=\"_blank\" rel=\"noopener\"><i class=\"fas fa-external-link-alt\"><\/i><\/a><\/div>\n<hr \/>\n<h2>El Consell d&#8217;Europa retreu a Espanya la imposici\u00f3 d&#8217;un 25% de castell\u00e0 a l&#8217;escola<\/h2>\n<h3>El comit\u00e8 europeu critica la manca d&#8217;\u00fas del catal\u00e0 en la just\u00edcia, l&#8217;ensenyament i la sanitat<\/h3>\n<div align=\"right\">Gerard Fageda, <em>Ara<\/em>, 24.09.2024. <a href=\"https:\/\/www.ara.cat\/llengua\/consell-d-europa-retreu-espanya-imposicio-d-25-castella-l-escola_1_5149049.html\" target=\"_blank\" rel=\"noopener\"><i class=\"fas fa-external-link-alt\"><\/i><\/a><\/div>\n<\/blockquote>\n","protected":false},"excerpt":{"rendered":"<p>L&#8217;estat espanyol incomplix des de fa molts anys la legislaci\u00f3 europea (Mois\u00e9s P\u00e9rez, \u00abEspanya, m\u00e9s de dues d\u00e8cades d&#8217;incompliments de la convenci\u00f3 ling\u00fc\u00edstica europea\u00bb, El Temps, 17.01.2024) tant administrativament com judicialment. \u00c9s una legislaci\u00f3 que no cont\u00e9 sancions, abs\u00e8ncia que els anima a continuar incomplint-la. De totes formes, \u00e9s positiu que de tant en tant [&hellip;]<\/p>\n","protected":false},"author":56,"featured_media":0,"comment_status":"open","ping_status":"open","sticky":false,"template":"","format":"standard","meta":{"footnotes":""},"categories":[4,47,19,24,27,35],"tags":[114],"class_list":["post-4592","post","type-post","status-publish","format-standard","hentry","category-dret","category-planificacio","category-politica","category-requisit-linguistic","category-sociolinguistica","category-unio-europea","tag-consell-deuropa"],"_links":{"self":[{"href":"https:\/\/www.cdlpv.org\/dtl\/wp-json\/wp\/v2\/posts\/4592","targetHints":{"allow":["GET"]}}],"collection":[{"href":"https:\/\/www.cdlpv.org\/dtl\/wp-json\/wp\/v2\/posts"}],"about":[{"href":"https:\/\/www.cdlpv.org\/dtl\/wp-json\/wp\/v2\/types\/post"}],"author":[{"embeddable":true,"href":"https:\/\/www.cdlpv.org\/dtl\/wp-json\/wp\/v2\/users\/56"}],"replies":[{"embeddable":true,"href":"https:\/\/www.cdlpv.org\/dtl\/wp-json\/wp\/v2\/comments?post=4592"}],"version-history":[{"count":5,"href":"https:\/\/www.cdlpv.org\/dtl\/wp-json\/wp\/v2\/posts\/4592\/revisions"}],"predecessor-version":[{"id":4597,"href":"https:\/\/www.cdlpv.org\/dtl\/wp-json\/wp\/v2\/posts\/4592\/revisions\/4597"}],"wp:attachment":[{"href":"https:\/\/www.cdlpv.org\/dtl\/wp-json\/wp\/v2\/media?parent=4592"}],"wp:term":[{"taxonomy":"category","embeddable":true,"href":"https:\/\/www.cdlpv.org\/dtl\/wp-json\/wp\/v2\/categories?post=4592"},{"taxonomy":"post_tag","embeddable":true,"href":"https:\/\/www.cdlpv.org\/dtl\/wp-json\/wp\/v2\/tags?post=4592"}],"curies":[{"name":"wp","href":"https:\/\/api.w.org\/{rel}","templated":true}]}}