{"id":4571,"date":"2024-05-31T20:30:07","date_gmt":"2024-05-31T18:30:07","guid":{"rendered":"https:\/\/www.cdlpv.org\/dtl\/?p=4571"},"modified":"2024-05-31T14:02:18","modified_gmt":"2024-05-31T12:02:18","slug":"analisi-de-politiques","status":"publish","type":"post","link":"https:\/\/www.cdlpv.org\/dtl\/2024\/05\/31\/analisi-de-politiques\/","title":{"rendered":"An\u00e0lisi de pol\u00edtiques"},"content":{"rendered":"<p><a href=\"http:\/\/www.cdlpv.org\/dtl\/wp-content\/uploads\/2024\/05\/PL-valenciana.png\"><img loading=\"lazy\" decoding=\"async\" class=\"size-medium wp-image-4573 alignleft\" src=\"http:\/\/www.cdlpv.org\/dtl\/wp-content\/uploads\/2024\/05\/PL-valenciana-292x300.png\" alt=\"Imatge decorativa\" width=\"292\" height=\"300\" srcset=\"https:\/\/www.cdlpv.org\/dtl\/wp-content\/uploads\/2024\/05\/PL-valenciana-292x300.png 292w, https:\/\/www.cdlpv.org\/dtl\/wp-content\/uploads\/2024\/05\/PL-valenciana.png 346w\" sizes=\"auto, (max-width: 292px) 100vw, 292px\" \/><\/a>Amb el canvi de govern en la Generalitat valenciana al 2023, al mateix temps que s&#8217;activaran propostes que s&#8217;hauran d&#8217;enfrontar amb la m\u00e9s o menys intensa i efectiva pol\u00edtica de gesti\u00f3 de la imposici\u00f3 del castell\u00e0 i el des\u00fas del valenci\u00e0 durant esta legislatura, conv\u00e9 tamb\u00e9 fer un rep\u00e0s cr\u00edtic de les pol\u00edtiques dutes a terme durant la legislatura anterior, per tal de valorar els errors i els encerts i per a intentar millorar les exig\u00e8ncies presents i futures.<\/p>\n<p>Per a dur avant eixa activitat, el centre de documentaci\u00f3 de la Secretaria de Pol\u00edtica Ling\u00fc\u00edstica de la Generalitat de Catalunya ha elaborat i oferix dos bibliografies que poden ser un bon punt de partida:<\/p>\n<ul>\n<li>Avaluaci\u00f3 de pol\u00edtiques ling\u00fc\u00edstiques (2016-2021) <a href=\"https:\/\/llengua.gencat.cat\/ca\/detalls\/article\/Avaluacio-politiques-lingueistiques-2016-2021\" target=\"_blank\" rel=\"noopener\"><i class=\"fas fa-external-link-alt\"><\/i><\/a><\/li>\n<li>Avaluaci\u00f3 de pol\u00edtiques ling\u00fc\u00edstiques II (2016-2024) <a href=\"https:\/\/llengua.gencat.cat\/ca\/detalls\/article\/selec-avaluaciopolitiqueslinguistiquesii-2016-2024\" target=\"_blank\" rel=\"noopener\"><i class=\"fas fa-external-link-alt\"><\/i><\/a><\/li>\n<\/ul>\n<p>&nbsp;<\/p>\n","protected":false},"excerpt":{"rendered":"<p>Amb el canvi de govern en la Generalitat valenciana al 2023, al mateix temps que s&#8217;activaran propostes que s&#8217;hauran d&#8217;enfrontar amb la m\u00e9s o menys intensa i efectiva pol\u00edtica de gesti\u00f3 de la imposici\u00f3 del castell\u00e0 i el des\u00fas del valenci\u00e0 durant esta legislatura, conv\u00e9 tamb\u00e9 fer un rep\u00e0s cr\u00edtic de les pol\u00edtiques dutes a [&hellip;]<\/p>\n","protected":false},"author":56,"featured_media":0,"comment_status":"open","ping_status":"open","sticky":false,"template":"","format":"standard","meta":{"footnotes":""},"categories":[3,4,47,19,27],"tags":[223,376],"class_list":["post-4571","post","type-post","status-publish","format-standard","hentry","category-documentacio","category-dret","category-planificacio","category-politica","category-sociolinguistica","tag-generalitat-de-catalunya","tag-politica-linguistica"],"_links":{"self":[{"href":"https:\/\/www.cdlpv.org\/dtl\/wp-json\/wp\/v2\/posts\/4571","targetHints":{"allow":["GET"]}}],"collection":[{"href":"https:\/\/www.cdlpv.org\/dtl\/wp-json\/wp\/v2\/posts"}],"about":[{"href":"https:\/\/www.cdlpv.org\/dtl\/wp-json\/wp\/v2\/types\/post"}],"author":[{"embeddable":true,"href":"https:\/\/www.cdlpv.org\/dtl\/wp-json\/wp\/v2\/users\/56"}],"replies":[{"embeddable":true,"href":"https:\/\/www.cdlpv.org\/dtl\/wp-json\/wp\/v2\/comments?post=4571"}],"version-history":[{"count":3,"href":"https:\/\/www.cdlpv.org\/dtl\/wp-json\/wp\/v2\/posts\/4571\/revisions"}],"predecessor-version":[{"id":4575,"href":"https:\/\/www.cdlpv.org\/dtl\/wp-json\/wp\/v2\/posts\/4571\/revisions\/4575"}],"wp:attachment":[{"href":"https:\/\/www.cdlpv.org\/dtl\/wp-json\/wp\/v2\/media?parent=4571"}],"wp:term":[{"taxonomy":"category","embeddable":true,"href":"https:\/\/www.cdlpv.org\/dtl\/wp-json\/wp\/v2\/categories?post=4571"},{"taxonomy":"post_tag","embeddable":true,"href":"https:\/\/www.cdlpv.org\/dtl\/wp-json\/wp\/v2\/tags?post=4571"}],"curies":[{"name":"wp","href":"https:\/\/api.w.org\/{rel}","templated":true}]}}