{"id":4563,"date":"2024-05-27T22:01:36","date_gmt":"2024-05-27T20:01:36","guid":{"rendered":"https:\/\/www.cdlpv.org\/dtl\/?p=4563"},"modified":"2024-05-27T22:01:36","modified_gmt":"2024-05-27T20:01:36","slug":"els-llancols-que-anem-perdent","status":"publish","type":"post","link":"https:\/\/www.cdlpv.org\/dtl\/2024\/05\/27\/els-llancols-que-anem-perdent\/","title":{"rendered":"Els llan\u00e7ols que anem perdent"},"content":{"rendered":"<figure style=\"width: 200px\" class=\"wp-caption alignleft\"><img loading=\"lazy\" decoding=\"async\" class=\"\" src=\"https:\/\/i0.wp.com\/eapc-rld.blog.gencat.cat\/wp-content\/uploads\/2017\/03\/03.png?resize=275%2C317&amp;ssl=1\" width=\"200\" height=\"231\" \/><figcaption class=\"wp-caption-text\"><span style=\"font-size: 10px;\">Il\u00b7lustraci\u00f3 per a una campanya de promoci\u00f3 de l&#8217;\u00fas del valenci\u00e0.<\/span><\/figcaption><\/figure>\n<p>Un grup de t\u00e8cnics ling\u00fc\u00edstics van publicar en abril un article, \u00abA cada bugada perdem un llen\u00e7ol&#8230; i ja en van quatre\u00bb (<em>Nosaltres La Veu, <\/em>24.04.2024) <a href=\"https:\/\/www.nosaltreslaveu.cat\/opinio\/95419\/a-cada-bugada-perdem-un-llencol-i-ja-en-van-quatre\" target=\"_blank\" rel=\"noopener\"><i class=\"fas fa-external-link-alt\"><\/i><\/a> on reivindiquen la seua faena i l&#8217;activitat que s&#8217;ha dut a terme des de fa d\u00e8cades per a la consolidar \u00abla recuperaci\u00f3 de l&#8217;oficialitat del valenci\u00e0 en l&#8217;espai administratiu i en la resta d&#8217;\u00e0mbits formals\u00bb. A m\u00e9s, aporten unes quantes reflexions sobre pol\u00edtica ling\u00fc\u00edstica actual del govern del Partit Popular i Vox, tant en la seua expressi\u00f3 p\u00fablica com en la instrumentalitzaci\u00f3 dels criteris ling\u00fc\u00edstics (els nous del 2024)<a href=\"https:\/\/dogv.gva.es\/datos\/2024\/05\/02\/pdf\/2024_3799.pdf\" target=\"_blank\" rel=\"noopener\"><i class=\"fas fa-file-pdf\"><\/i><\/a> o la devaluaci\u00f3 de la tasca fet pels t\u00e8cnics ling\u00fc\u00edstics des de fa d\u00e8cades. Una frase aclaridora que hauria de ser un referent per a resoldre dubtes i prefer\u00e8ncies:<\/p>\n<blockquote><p>L&#8217;avantatge d&#8217;una llengua \u00e9s la seua versatilitat, la possibilitat de rec\u00f3rrer a les distintes opcions formals del codi segons els distints registres.<\/p><\/blockquote>\n<p>Fa vora vint anys, la presidenta aleshores de la Coordinadora de Dinamitzaci\u00f3 Ling\u00fc\u00edstica del Pa\u00eds Valenci\u00e0 (<span class=\"versaleta\">cdlpv<\/span>) va publicar un article, \u00abEl nom de la llengua i la rendibilitat pol\u00edtica\u00bb (<em>Levante,<\/em> 20.11.2004), <a href=\"https:\/\/www.einesdellengua.com\/Legis\/Arxius\/AVL-tecnics\/lev041120.htm\" target=\"_blank\" rel=\"noopener\"><i class=\"fas fa-external-link-alt\"><\/i><\/a> en termes semblants. Comparant els dos articles es pot observar que s&#8217;ha avan\u00e7at un poc en algunes q\u00fcestions superficials (l&#8217;onom\u00e0stica, l&#8217;extensi\u00f3 de l&#8217;\u00fas escrit en l&#8217;administraci\u00f3&#8230;) per\u00f2 que persistixen les defici\u00e8ncies de fons, ja que les dos legislatures del Bot\u00e0nic (2015-2023) van tornar a la vella infraplanificaci\u00f3 ling\u00fc\u00edstica \u2014segons el terme usat per Miquel \u00c0ngel Pradilla (2007): \u00abLa pol\u00edtica ling\u00fc\u00edstica contempor\u00e0nia o la deriva substitut\u00f2ria de l'&#8221;idioma valenci\u00e0&#8221;\u00bb\u2014 <a href=\"https:\/\/www.academia.edu\/95322656\/_La_pol%C3%ADtica_ling%C3%BC%C3%ADstica_contempor%C3%A0nia_o_la_deriva_substitut%C3%B2ria_de_l_idioma_valenci%C3%A0_?f_ri=1173\" target=\"_blank\" rel=\"noopener\"><i class=\"fas fa-external-link-alt\"><\/i><\/a> del anys huitanta i noranta dels governs socialistes, ara que sabem com han acabat les ficcions i representacions amb qu\u00e8 mos van entretindre de tant en tant (veg. \u00abL\u2019\u00fas del valenci\u00e0 en l\u2019Administraci\u00f3 de la Generalitat Valenciana\u00bb de Ferran Bargues Estell\u00e9s).<a href=\"https:\/\/eapc-rld.blog.gencat.cat\/2017\/03\/23\/lus-del-valencia-en-ladministracio-de-la-generalitat-valenciana-ferran-bargues-estelles\/#comments\" target=\"_blank\" rel=\"noopener\"><i class=\"fas fa-external-link-alt\"><\/i><\/a> O possiblement encara de manera m\u00e9s maldestra, tal com mostrava un article del sindicat <span class=\"versaleta\">stas<\/span>, \u00abLa privatitzaci\u00f3 de la llengua\u00bb,\u00a0<a href=\"https:\/\/stas.intersindical.org\/noticies\/article\/la_privatitzacio_de_la_llengua\" target=\"_blank\" rel=\"noopener\"><i class=\"fas fa-external-link-alt\"><\/i><\/a> fa cosa d&#8217;un any.<\/p>\n","protected":false},"excerpt":{"rendered":"<p>Un grup de t\u00e8cnics ling\u00fc\u00edstics van publicar en abril un article, \u00abA cada bugada perdem un llen\u00e7ol&#8230; i ja en van quatre\u00bb (Nosaltres La Veu, 24.04.2024) on reivindiquen la seua faena i l&#8217;activitat que s&#8217;ha dut a terme des de fa d\u00e8cades per a la consolidar \u00abla recuperaci\u00f3 de l&#8217;oficialitat del valenci\u00e0 en l&#8217;espai administratiu [&hellip;]<\/p>\n","protected":false},"author":56,"featured_media":0,"comment_status":"open","ping_status":"open","sticky":false,"template":"","format":"standard","meta":{"footnotes":""},"categories":[528,4,47,19,23,24,26,27],"tags":[224],"class_list":["post-4563","post","type-post","status-publish","format-standard","hentry","category-criteris","category-dret","category-planificacio","category-politica","category-reglaments-linguistics","category-requisit-linguistic","category-serveis-linguistics","category-sociolinguistica","tag-generalitat-valenciana"],"_links":{"self":[{"href":"https:\/\/www.cdlpv.org\/dtl\/wp-json\/wp\/v2\/posts\/4563","targetHints":{"allow":["GET"]}}],"collection":[{"href":"https:\/\/www.cdlpv.org\/dtl\/wp-json\/wp\/v2\/posts"}],"about":[{"href":"https:\/\/www.cdlpv.org\/dtl\/wp-json\/wp\/v2\/types\/post"}],"author":[{"embeddable":true,"href":"https:\/\/www.cdlpv.org\/dtl\/wp-json\/wp\/v2\/users\/56"}],"replies":[{"embeddable":true,"href":"https:\/\/www.cdlpv.org\/dtl\/wp-json\/wp\/v2\/comments?post=4563"}],"version-history":[{"count":4,"href":"https:\/\/www.cdlpv.org\/dtl\/wp-json\/wp\/v2\/posts\/4563\/revisions"}],"predecessor-version":[{"id":4567,"href":"https:\/\/www.cdlpv.org\/dtl\/wp-json\/wp\/v2\/posts\/4563\/revisions\/4567"}],"wp:attachment":[{"href":"https:\/\/www.cdlpv.org\/dtl\/wp-json\/wp\/v2\/media?parent=4563"}],"wp:term":[{"taxonomy":"category","embeddable":true,"href":"https:\/\/www.cdlpv.org\/dtl\/wp-json\/wp\/v2\/categories?post=4563"},{"taxonomy":"post_tag","embeddable":true,"href":"https:\/\/www.cdlpv.org\/dtl\/wp-json\/wp\/v2\/tags?post=4563"}],"curies":[{"name":"wp","href":"https:\/\/api.w.org\/{rel}","templated":true}]}}