{"id":455,"date":"2008-08-06T11:22:56","date_gmt":"2008-08-06T10:22:56","guid":{"rendered":"http:\/\/www.cdlpv.org\/dtl\/?p=455"},"modified":"2008-08-06T11:22:56","modified_gmt":"2008-08-06T10:22:56","slug":"ajudes-al-doblatge-i-concurs-792008-en-el-docv","status":"publish","type":"post","link":"https:\/\/www.cdlpv.org\/dtl\/2008\/08\/06\/ajudes-al-doblatge-i-concurs-792008-en-el-docv\/","title":{"rendered":"Ajudes al doblatge i concurs 79\/2008 en el DOCV"},"content":{"rendered":"<p>El <span class=\"versaleta\">cidaj<\/span> ens envia la informaci\u00f3 seguent:<\/p>\n<blockquote>\n<ul>\n<li>\nRESOLUCI\u00d3 de 21 de juliol de 2008 de la Conselleria d&#8217;Educaci\u00f3, per la qual es convoquen ajudes econ\u00f2miques per al doblatge al valenci\u00e0 de produccions audiovisuals en 2008. [2008\/9431] (<span class=\"versaleta\">docv<\/span> n\u00fam. 5.819, d&#8217;01.08.2008)<br \/>\n<a href=\"http:\/\/www.pre.gva.es\/L\/BASIS\/BDLGVPU\/WEB\/LEV_LISTADOS_TEXTO\/DDW?W%3DSIGNATURA_N=9341+AND+SIGNATURA_A=2008%26R%3DN\" target=\"_blank\">&#8211; vegeu text<\/a>\n<\/li>\n<li>\nRESOLUCI\u00d3 de 23 de juliol de 2008, de la Direcci\u00f3 General d&#8217;Administraci\u00f3 Auton\u00f2mica, per la qual es convoca concurs de m\u00e8rits n\u00famero 79\/2008, per a la provisi\u00f3 d&#8217;un lloc de treball de naturalesa funcionarial, sector administraci\u00f3 especial, grup A\/B, cap de la Secci\u00f3 del Diari Oficial, a la Conselleria de Presid\u00e8ncia. [2008\/9600] (<span class=\"versaleta\">docv<\/span> n\u00fam. 5.820, de 04.08.2008)<br \/>\n<a href=\"http:\/\/www.pre.gva.es\/L\/BASIS\/BDLGVPU\/WEB\/LEV_LISTADOS_TEXTO\/DDW?W%3DSIGNATURA_N=9397+AND+SIGNATURA_A=2008%26R%3DN\" target=\"_blank\">&#8211; vegeu text<\/a>\n<\/li>\n<\/ul>\n<\/blockquote>\n","protected":false},"excerpt":{"rendered":"<p>El cidaj ens envia la informaci\u00f3 seguent: RESOLUCI\u00d3 de 21 de juliol de 2008 de la Conselleria d&#8217;Educaci\u00f3, per la qual es convoquen ajudes econ\u00f2miques per al doblatge al valenci\u00e0 de produccions audiovisuals en 2008. [2008\/9431] (docv n\u00fam. 5.819, d&#8217;01.08.2008) &#8211; vegeu text RESOLUCI\u00d3 de 23 de juliol de 2008, de la Direcci\u00f3 General d&#8217;Administraci\u00f3 [&hellip;]<\/p>\n","protected":false},"author":2,"featured_media":0,"comment_status":"open","ping_status":"open","sticky":false,"template":"","format":"standard","meta":{"footnotes":""},"categories":[43,1,15,28],"tags":[155,158,312],"class_list":["post-455","post","type-post","status-publish","format-standard","hentry","category-concursos","category-general","category-laboral","category-subvencions","tag-doblatge","tag-dogv","tag-mitjans"],"_links":{"self":[{"href":"https:\/\/www.cdlpv.org\/dtl\/wp-json\/wp\/v2\/posts\/455","targetHints":{"allow":["GET"]}}],"collection":[{"href":"https:\/\/www.cdlpv.org\/dtl\/wp-json\/wp\/v2\/posts"}],"about":[{"href":"https:\/\/www.cdlpv.org\/dtl\/wp-json\/wp\/v2\/types\/post"}],"author":[{"embeddable":true,"href":"https:\/\/www.cdlpv.org\/dtl\/wp-json\/wp\/v2\/users\/2"}],"replies":[{"embeddable":true,"href":"https:\/\/www.cdlpv.org\/dtl\/wp-json\/wp\/v2\/comments?post=455"}],"version-history":[{"count":0,"href":"https:\/\/www.cdlpv.org\/dtl\/wp-json\/wp\/v2\/posts\/455\/revisions"}],"wp:attachment":[{"href":"https:\/\/www.cdlpv.org\/dtl\/wp-json\/wp\/v2\/media?parent=455"}],"wp:term":[{"taxonomy":"category","embeddable":true,"href":"https:\/\/www.cdlpv.org\/dtl\/wp-json\/wp\/v2\/categories?post=455"},{"taxonomy":"post_tag","embeddable":true,"href":"https:\/\/www.cdlpv.org\/dtl\/wp-json\/wp\/v2\/tags?post=455"}],"curies":[{"name":"wp","href":"https:\/\/api.w.org\/{rel}","templated":true}]}}