{"id":4538,"date":"2024-01-30T20:30:36","date_gmt":"2024-01-30T18:30:36","guid":{"rendered":"https:\/\/www.cdlpv.org\/dtl\/?p=4538"},"modified":"2024-01-30T13:52:11","modified_gmt":"2024-01-30T11:52:11","slug":"deu-reculls-toponimics-de-lany-2023","status":"publish","type":"post","link":"https:\/\/www.cdlpv.org\/dtl\/2024\/01\/30\/deu-reculls-toponimics-de-lany-2023\/","title":{"rendered":"Deu reculls topon\u00edmics de l&#8217;any 2023"},"content":{"rendered":"<p><a href=\"http:\/\/www.cdlpv.org\/dtl\/wp-content\/uploads\/2024\/01\/Beneixama-lloma-cabres.png\"><img loading=\"lazy\" decoding=\"async\" class=\" wp-image-4541 alignleft\" src=\"http:\/\/www.cdlpv.org\/dtl\/wp-content\/uploads\/2024\/01\/Beneixama-lloma-cabres-260x300.png\" alt=\"Beneixama\" width=\"236\" height=\"273\" srcset=\"https:\/\/www.cdlpv.org\/dtl\/wp-content\/uploads\/2024\/01\/Beneixama-lloma-cabres-260x300.png 260w, https:\/\/www.cdlpv.org\/dtl\/wp-content\/uploads\/2024\/01\/Beneixama-lloma-cabres.png 519w\" sizes=\"auto, (max-width: 236px) 100vw, 236px\" \/><\/a>L&#8217;Acad\u00e8mia Valenciana de la Llengua ha ampliat durant l&#8217;any 2023 la col\u00b7lecci\u00f3 \u00abTopon\u00edmia dels Pobles Valencians\u00bb <a href=\"https:\/\/www.avl.gva.es\/publicacions\/?_coleccis=toponimia-dels-pobles-valencians#\" target=\"_blank\" rel=\"noopener\"><i class=\"fas fa-external-link-alt\"><\/i><\/a> amb deu reculls m\u00e9s corresponents als municipis seg\u00fcents:<\/p>\n<ul>\n<li>Alaqu\u00e0s (Horta Sud) <a href=\"https:\/\/www.avl.gva.es\/?col_leccio=alaquas\" target=\"_blank\" rel=\"noopener\"><i class=\"fas fa-external-link-alt\"><\/i><\/a><\/li>\n<li>Algorfa (Baix Segura) <a href=\"https:\/\/www.avl.gva.es\/?col_leccio=algorfa\" target=\"_blank\" rel=\"noopener\"><i class=\"fas fa-external-link-alt\"><\/i><\/a><\/li>\n<li>Beneixama (Alcoi\u00e0) <a href=\"https:\/\/www.avl.gva.es\/?col_leccio=beneixama\"><i class=\"fas fa-external-link-alt\"><\/i><\/a><\/li>\n<li>Callosa de Segura (Baix Segura) <a href=\"https:\/\/www.avl.gva.es\/?col_leccio=callosa-de-segura\"><i class=\"fas fa-external-link-alt\"><\/i><\/a><\/li>\n<li>Canet d&#8217;en Berenguer (Camp de Morvedre) <a href=\"https:\/\/www.avl.gva.es\/?col_leccio=canet-den-berenguer\"><i class=\"fas fa-external-link-alt\"><\/i><\/a><\/li>\n<li>la Nucia (Marina Baixa) <a href=\"https:\/\/www.avl.gva.es\/?col_leccio=la-nucia\"><i class=\"fas fa-external-link-alt\"><\/i><\/a><\/li>\n<li>Pen\u00edscola (Baix Maestrat) <a href=\"https:\/\/www.avl.gva.es\/?col_leccio=peniscola\"><i class=\"fas fa-external-link-alt\"><\/i><\/a><\/li>\n<li>Sagunt (Camp de Morvedre) <a href=\"https:\/\/www.avl.gva.es\/?col_leccio=sagunt\"><i class=\"fas fa-external-link-alt\"><\/i><\/a><\/li>\n<li>Villargordo del Cabriel (Plana d&#8217;Utiel-Requena) <a href=\"https:\/\/www.avl.gva.es\/?col_leccio=villargordo-del-cabriel\"><i class=\"fas fa-external-link-alt\"><\/i><\/a><\/li>\n<li>Xelva (Serrania) <a href=\"https:\/\/www.avl.gva.es\/?col_leccio=chelva\"><i class=\"fas fa-external-link-alt\"><\/i><\/a><\/li>\n<\/ul>\n<p>Sebasti\u00e0 Carratal\u00e0 dona m\u00e9s detalls sobre esta tongada de reculls topon\u00edmics en el <em>Diari La Veu<\/em> (24.01.2024). <a href=\"https:\/\/www.diarilaveu.cat\/cultura\/lavl-publica-deu-numeros-nous-de-la-serie-toponimia-dels-pobles-valencians-524045\/\" target=\"_blank\" rel=\"noopener\"><i class=\"fas fa-external-link-alt\"><\/i><\/a><\/p>\n<div class=\"su-note small\"  style=\"border-color:#90bfa5;border-radius:3px;-moz-border-radius:3px;-webkit-border-radius:3px;\"><div class=\"su-note-inner su-u-clearfix su-u-trim\" style=\"background-color:#aad9bf;border-color:#ffffff;color:#333333;border-radius:3px;-moz-border-radius:3px;-webkit-border-radius:3px;\"> <a href=\"https:\/\/www.dropbox.com\/scl\/fi\/hm61ka3ux06lej7y9aqlf\/2023-10-Municipis.zip?rlkey=u2e9dcyxbp1420sycs8v03uw0&amp;dl=0\" target=\"_blank\" rel=\"noopener\"><i class=\"fas fa-download\"><\/i><\/a> Podeu descarregar ac\u00ed els 10 documents (PDF) en un <a href=\"https:\/\/www.dropbox.com\/scl\/fi\/hm61ka3ux06lej7y9aqlf\/2023-10-Municipis.zip?rlkey=u2e9dcyxbp1420sycs8v03uw0&amp;dl=0\" target=\"_blank\" rel=\"noopener\">arxiu comprimit<\/a> (.zip).<\/div><\/div>\n","protected":false},"excerpt":{"rendered":"<p>L&#8217;Acad\u00e8mia Valenciana de la Llengua ha ampliat durant l&#8217;any 2023 la col\u00b7lecci\u00f3 \u00abTopon\u00edmia dels Pobles Valencians\u00bb amb deu reculls m\u00e9s corresponents als municipis seg\u00fcents: Alaqu\u00e0s (Horta Sud) Algorfa (Baix Segura) Beneixama (Alcoi\u00e0) Callosa de Segura (Baix Segura) Canet d&#8217;en Berenguer (Camp de Morvedre) la Nucia (Marina Baixa) Pen\u00edscola (Baix Maestrat) Sagunt (Camp de Morvedre) Villargordo [&hellip;]<\/p>\n","protected":false},"author":56,"featured_media":0,"comment_status":"open","ping_status":"open","sticky":false,"template":"","format":"standard","meta":{"footnotes":""},"categories":[32],"tags":[70],"class_list":["post-4538","post","type-post","status-publish","format-standard","hentry","category-toponimia","tag-avl"],"_links":{"self":[{"href":"https:\/\/www.cdlpv.org\/dtl\/wp-json\/wp\/v2\/posts\/4538","targetHints":{"allow":["GET"]}}],"collection":[{"href":"https:\/\/www.cdlpv.org\/dtl\/wp-json\/wp\/v2\/posts"}],"about":[{"href":"https:\/\/www.cdlpv.org\/dtl\/wp-json\/wp\/v2\/types\/post"}],"author":[{"embeddable":true,"href":"https:\/\/www.cdlpv.org\/dtl\/wp-json\/wp\/v2\/users\/56"}],"replies":[{"embeddable":true,"href":"https:\/\/www.cdlpv.org\/dtl\/wp-json\/wp\/v2\/comments?post=4538"}],"version-history":[{"count":7,"href":"https:\/\/www.cdlpv.org\/dtl\/wp-json\/wp\/v2\/posts\/4538\/revisions"}],"predecessor-version":[{"id":4545,"href":"https:\/\/www.cdlpv.org\/dtl\/wp-json\/wp\/v2\/posts\/4538\/revisions\/4545"}],"wp:attachment":[{"href":"https:\/\/www.cdlpv.org\/dtl\/wp-json\/wp\/v2\/media?parent=4538"}],"wp:term":[{"taxonomy":"category","embeddable":true,"href":"https:\/\/www.cdlpv.org\/dtl\/wp-json\/wp\/v2\/categories?post=4538"},{"taxonomy":"post_tag","embeddable":true,"href":"https:\/\/www.cdlpv.org\/dtl\/wp-json\/wp\/v2\/tags?post=4538"}],"curies":[{"name":"wp","href":"https:\/\/api.w.org\/{rel}","templated":true}]}}