{"id":452,"date":"2008-08-04T18:59:07","date_gmt":"2008-08-04T17:59:07","guid":{"rendered":"http:\/\/www.cdlpv.org\/dtl\/?p=452"},"modified":"2008-08-04T18:59:07","modified_gmt":"2008-08-04T17:59:07","slug":"ideologies-i-antropologia-linguistica-autenticitat-i-anonimat","status":"publish","type":"post","link":"https:\/\/www.cdlpv.org\/dtl\/2008\/08\/04\/ideologies-i-antropologia-linguistica-autenticitat-i-anonimat\/","title":{"rendered":"Ideologies i antropologia ling\u00fc\u00edstica: autenticitat i anonimat"},"content":{"rendered":"<p>Despr\u00e9s de sentir la senyora diputada Rosa D\u00edez al parlament espanyol (04.06.2008; <a href=\"http:\/\/www.youtube.com\/watch?v=00_H8LjmFvU\" target=\"_blank\">You Tube<\/a>: 02:47):<\/p>\n<blockquote><p>En la televisi\u00f3n p\u00fablica catalana o en la televisi\u00f3n p\u00fablica valenciana no hay ni una sola hora en castellano.<\/p><\/blockquote>\n<p>Tenim ara que Gonz\u00e1lez Pons diu:<\/p>\n<blockquote>\n<h3>Gonz\u00e1lez Pons assegura que hi ha comunitats aut\u00f2nomes on l&#8217;espanyol \u00abest\u00e0 en perill\u00bb<\/h3>\n<h5>Val\u00e8ncia, 4 d&#8217;agost (Europa Press)<\/h5>\n<\/blockquote>\n<p>Podria semblar un agreujament de la situaci\u00f3 en les comunitats on fins ara nom\u00e9s es reconeixien els drets ling\u00fc\u00edstics dels castellanoparlants i eren discriminats la resta de ciutadans de l&#8217;estat, per\u00f2, no, es referix a informacions d&#8217;una certa premsa sobre Catalunya o el Pa\u00eds Basc.<\/p>\n<p>Els t\u00e8cnics ling\u00fc\u00edstics haurem de fer un reciclatge accelerat sobre estad\u00edstica o pol\u00edtica ficci\u00f3, perqu\u00e8 com que cap d&#8217;estos pol\u00edtics d\u00f3na dades concretes o reals, el rigor \u00e9s propi d&#8217;un curset de fantasia platgera.<\/p>\n<p>Tanmateix, pensant en el desenvolupament de la ind\u00fastria cultural de l&#8217;ensenyament de lleng\u00fces, si eixes declaracions \u00abfal\u00b7laces\u00bb generen un inter\u00e9s \u00abreal\u00bb per aprendre catal\u00e0, no caldria m\u00e9s penit\u00e8ncia per als pol\u00edtics esmentats.<\/p>\n<p>En qualsevol cas, per apamar una mica m\u00e9s els par\u00e0metres d&#8217;estos discursos, hi ha l&#8217;opci\u00f3 de llegir \u00abLes ideologies ling\u00fc\u00edstiques: una visi\u00f3 general d&#8217;un camp des de l&#8217;antropologia ling\u00fc\u00edstica\u00bb de Kathryn A. Woolard (<em>Revista de Llengua i Dret<\/em>, <a href=\"http:\/\/www.eapc.es\/publicacions\/RLD\/rld49sum.htm\" target=\"_blank\">49<\/a>):<\/p>\n<blockquote><p>\nS&#8217;ent\u00e9n que aquesta \u00abcomunitat\u00bb sempre es basa en la semblan\u00e7a i en el fet de compartir, en l&#8217;exist\u00e8ncia de creences i pr\u00e0ctiques comunes. Pratt fa la pregunta seg\u00fcent: com serien les nostres an\u00e0lisis si entengu\u00e9ssim el llenguatge i la comunicaci\u00f3 com a essencialment, protot\u00edpicament i normalment no associats a la semblan\u00e7a i la compartici\u00f3, sin\u00f3 a la navegaci\u00f3 a trav\u00e9s de les difer\u00e8ncies? Jo preguntaria: com seria l&#8217;activisme catal\u00e0 a l&#8217;entorn de la llengua en el segle <span class=\"versaleta\">xxi<\/span> si prengu\u00e9s aquest posicionament? No estic segura de la resposta.<\/p>\n[&#8230;]\n<p>Per\u00f2 si prenem com a precedents els casos de lleng\u00fces hegem\u00f2niques que he presentat abans, veurem que un col\u00b7lapse de les angoixes de l&#8217;autenticitat \u00e9s necessari si avui hi ha d&#8217;haver una expansi\u00f3 significativa del p\u00fablic catalanoparlant. Podria ser que f\u00f3ssim testimonis no simplement d&#8217;una p\u00e8rdua sin\u00f3 m\u00e9s aviat d&#8217;un canvi en la base ideol\u00f2gica de l&#8217;autoritat ling\u00fc\u00edstica?\n<\/p><\/blockquote>\n","protected":false},"excerpt":{"rendered":"<p>Despr\u00e9s de sentir la senyora diputada Rosa D\u00edez al parlament espanyol (04.06.2008; You Tube: 02:47): En la televisi\u00f3n p\u00fablica catalana o en la televisi\u00f3n p\u00fablica valenciana no hay ni una sola hora en castellano. Tenim ara que Gonz\u00e1lez Pons diu: Gonz\u00e1lez Pons assegura que hi ha comunitats aut\u00f2nomes on l&#8217;espanyol \u00abest\u00e0 en perill\u00bb Val\u00e8ncia, 4 [&hellip;]<\/p>\n","protected":false},"author":2,"featured_media":0,"comment_status":"open","ping_status":"open","sticky":false,"template":"","format":"standard","meta":{"footnotes":""},"categories":[36,2,1,19,24,27],"tags":[267,419],"class_list":["post-452","post","type-post","status-publish","format-standard","hentry","category-allofobia","category-comunicacio","category-general","category-politica","category-requisit-linguistic","category-sociolinguistica","tag-kathryn-a-woolard","tag-rld"],"_links":{"self":[{"href":"https:\/\/www.cdlpv.org\/dtl\/wp-json\/wp\/v2\/posts\/452","targetHints":{"allow":["GET"]}}],"collection":[{"href":"https:\/\/www.cdlpv.org\/dtl\/wp-json\/wp\/v2\/posts"}],"about":[{"href":"https:\/\/www.cdlpv.org\/dtl\/wp-json\/wp\/v2\/types\/post"}],"author":[{"embeddable":true,"href":"https:\/\/www.cdlpv.org\/dtl\/wp-json\/wp\/v2\/users\/2"}],"replies":[{"embeddable":true,"href":"https:\/\/www.cdlpv.org\/dtl\/wp-json\/wp\/v2\/comments?post=452"}],"version-history":[{"count":0,"href":"https:\/\/www.cdlpv.org\/dtl\/wp-json\/wp\/v2\/posts\/452\/revisions"}],"wp:attachment":[{"href":"https:\/\/www.cdlpv.org\/dtl\/wp-json\/wp\/v2\/media?parent=452"}],"wp:term":[{"taxonomy":"category","embeddable":true,"href":"https:\/\/www.cdlpv.org\/dtl\/wp-json\/wp\/v2\/categories?post=452"},{"taxonomy":"post_tag","embeddable":true,"href":"https:\/\/www.cdlpv.org\/dtl\/wp-json\/wp\/v2\/tags?post=452"}],"curies":[{"name":"wp","href":"https:\/\/api.w.org\/{rel}","templated":true}]}}