{"id":4465,"date":"2023-09-05T20:30:04","date_gmt":"2023-09-05T18:30:04","guid":{"rendered":"https:\/\/www.cdlpv.org\/dtl\/?p=4465"},"modified":"2023-09-05T12:27:18","modified_gmt":"2023-09-05T10:27:18","slug":"lus-normal-del-valencia-foment-i-proteccio","status":"publish","type":"post","link":"https:\/\/www.cdlpv.org\/dtl\/2023\/09\/05\/lus-normal-del-valencia-foment-i-proteccio\/","title":{"rendered":"L&#8217;\u00fas normal del valenci\u00e0: foment i protecci\u00f3"},"content":{"rendered":"<p><a href=\"https:\/\/escolavalenciana.org\/web\/oficina-de-drets-linguistics\/\"><img loading=\"lazy\" decoding=\"async\" class=\"alignleft\" src=\"https:\/\/escolavalenciana.org\/web\/wp-content\/uploads\/2017\/07\/drets.jpeg\" alt=\"Oficina de Drets Ling\u00fc\u00edstics\" width=\"149\" height=\"118\" \/><\/a>El canvi de govern en la Generalitat valenciana ha iniciat una altra etapa en les institucions p\u00fabliques que depenen del govern valenci\u00e0 enfocada a garantir la possibilitat d&#8217;imposici\u00f3 excloent del castell\u00e0 en qualsevol actuaci\u00f3 p\u00fablica o privada, i a practicar la restricci\u00f3 i problematitzaci\u00f3 de l&#8217;\u00fas del valenci\u00e0 i la discriminaci\u00f3 i subordinaci\u00f3 dels ciutadans valencianoparlants. Este rumb ling\u00fcicida, que es va poder variar lleument fa huit anys, s&#8217;ha repr\u00e9s pol\u00edticament de forma declarada i expl\u00edcita com a programa d&#8217;actuaci\u00f3 antidemocr\u00e0tica del govern valenci\u00e0 del Partit Popular i de Vox.<\/p>\n<p>Davant d&#8217;aix\u00f2, les associacions i entitats que treballen per la difusi\u00f3 de les les pautes socials que faciliten l&#8217;\u00fas del valenci\u00e0 i la disponilitat no impositiva del castell\u00e0, mantenen, reprenen o impulsen algunes iniciatives que, amb un exc\u00e9s de confian\u00e7a. s&#8217;havien deixat en mans dels poder p\u00fablics. Per exemple, segons informa el <em>Diari La Veu<\/em> (04.09.2023), <a href=\"https:\/\/www.diarilaveu.cat\/noticia\/17002\/escola-valenciana-promou-loficina-propia-de-drets-linguistics\" target=\"_blank\" rel=\"noopener\">&#x1f517;<\/a> com a complement o substitut del nyap de l&#8217;Oficina de Drets Ling\u00fc\u00edstics <a href=\"https:\/\/ceice.gva.es\/va\/web\/dgplgm\/odl\" target=\"_blank\" rel=\"noopener\">&#x1f517;<\/a> del govern del Bot\u00e0nic, Escola Valenciana va crear i mant\u00e9 la seua pr\u00f2pia Oficina de Drets Ling\u00fc\u00edstics: <a href=\"https:\/\/escolavalenciana.org\/web\/oficina-de-drets-linguistics\/\" target=\"_blank\" rel=\"noopener\">&#x1f517;<\/a><\/p>\n<blockquote><p>L\u2019Oficina de Drets Ling\u00fc\u00edstics ofereix diferents recursos a trav\u00e9s d\u2019aquesta p\u00e0gina web i tamb\u00e9 us podeu posar en contacte amb el nostre personal a trav\u00e9s del tel\u00e8fon que s\u2019especifica o per correu electr\u00f2nic. A m\u00e9s, des d\u2019aquest espai, tamb\u00e9 es pret\u00e9n fer campanyes per fomentar l\u2019\u00fas del valenci\u00e0 en \u00e0mbits on la pres\u00e8ncia de la nostra llengua \u00e9s minorit\u00e0ria com l\u2019oci i el temps lliure, el m\u00f3n empresarial i comercial, l\u2019\u00e0mbit de la just\u00edcia o els mitjans de comunicaci\u00f3 valencians.<\/p><\/blockquote>\n<p>Tamb\u00e9 la Plataforma per la Llengua <a href=\"https:\/\/www.plataforma-llengua.cat\/que-fem\/ambits-de-treball\/queixes\/\" target=\"_blank\" rel=\"noopener\">&#x1f517;<\/a> i Acci\u00f3 Cultural del Pa\u00eds Valenci\u00e0 <a href=\"https:\/\/acpv.cat\/tenimdrets\/\" target=\"_blank\" rel=\"noopener\">&#x1f517;<\/a> atenen queixes i consultes sobre el respecte a l&#8217;\u00fas normal del valenci\u00e0.<\/p>\n","protected":false},"excerpt":{"rendered":"<p>El canvi de govern en la Generalitat valenciana ha iniciat una altra etapa en les institucions p\u00fabliques que depenen del govern valenci\u00e0 enfocada a garantir la possibilitat d&#8217;imposici\u00f3 excloent del castell\u00e0 en qualsevol actuaci\u00f3 p\u00fablica o privada, i a practicar la restricci\u00f3 i problematitzaci\u00f3 de l&#8217;\u00fas del valenci\u00e0 i la discriminaci\u00f3 i subordinaci\u00f3 dels ciutadans [&hellip;]<\/p>\n","protected":false},"author":56,"featured_media":0,"comment_status":"open","ping_status":"open","sticky":false,"template":"","format":"standard","meta":{"footnotes":""},"categories":[4,19,23,26,27],"tags":[48,183,224,371,395],"class_list":["post-4465","post","type-post","status-publish","format-standard","hentry","category-dret","category-politica","category-reglaments-linguistics","category-serveis-linguistics","category-sociolinguistica","tag-acpv","tag-escola-valenciana","tag-generalitat-valenciana","tag-plataforma-per-la-llengua","tag-queixes"],"_links":{"self":[{"href":"https:\/\/www.cdlpv.org\/dtl\/wp-json\/wp\/v2\/posts\/4465","targetHints":{"allow":["GET"]}}],"collection":[{"href":"https:\/\/www.cdlpv.org\/dtl\/wp-json\/wp\/v2\/posts"}],"about":[{"href":"https:\/\/www.cdlpv.org\/dtl\/wp-json\/wp\/v2\/types\/post"}],"author":[{"embeddable":true,"href":"https:\/\/www.cdlpv.org\/dtl\/wp-json\/wp\/v2\/users\/56"}],"replies":[{"embeddable":true,"href":"https:\/\/www.cdlpv.org\/dtl\/wp-json\/wp\/v2\/comments?post=4465"}],"version-history":[{"count":5,"href":"https:\/\/www.cdlpv.org\/dtl\/wp-json\/wp\/v2\/posts\/4465\/revisions"}],"predecessor-version":[{"id":4470,"href":"https:\/\/www.cdlpv.org\/dtl\/wp-json\/wp\/v2\/posts\/4465\/revisions\/4470"}],"wp:attachment":[{"href":"https:\/\/www.cdlpv.org\/dtl\/wp-json\/wp\/v2\/media?parent=4465"}],"wp:term":[{"taxonomy":"category","embeddable":true,"href":"https:\/\/www.cdlpv.org\/dtl\/wp-json\/wp\/v2\/categories?post=4465"},{"taxonomy":"post_tag","embeddable":true,"href":"https:\/\/www.cdlpv.org\/dtl\/wp-json\/wp\/v2\/tags?post=4465"}],"curies":[{"name":"wp","href":"https:\/\/api.w.org\/{rel}","templated":true}]}}