{"id":4424,"date":"2023-06-30T20:30:43","date_gmt":"2023-06-30T18:30:43","guid":{"rendered":"https:\/\/www.cdlpv.org\/dtl\/?p=4424"},"modified":"2024-03-07T13:19:46","modified_gmt":"2024-03-07T11:19:46","slug":"lus-del-valencia-en-lactivitat-parlamentaria","status":"publish","type":"post","link":"https:\/\/www.cdlpv.org\/dtl\/2023\/06\/30\/lus-del-valencia-en-lactivitat-parlamentaria\/","title":{"rendered":"L&#8217;\u00fas del valenci\u00e0 en l&#8217;activitat parlament\u00e0ria"},"content":{"rendered":"<p>Les dades del per\u00edode 2019-2023 sobre les lleng\u00fces m\u00e9s utilitzades pels parlamentaris en les intervencions en les Corts Valencianes es poden consultar en la fitxa corresponent, fitxa que d&#8217;ara en avant apareixer\u00e0 en el bloc <em>Fitxes de Dubtes i Terminologia<\/em>. <a href=\"http:\/\/www.cdlpv.org\/fitxes\/diputats-valencians\/\" target=\"_blank\" rel=\"noopener\"><i class=\"fas fa-external-link-alt\" aria-label=\"FDT\"><\/i><\/a><br \/>\nEl quadre comparatiu de les \u00faltimes cinc legislatures mant\u00e9 la continu\u00eftat en l&#8217;evoluci\u00f3 dels usos, una estabilitat que actua en perju\u00ed de l&#8217;\u00fas del valenci\u00e0. Els parlamentaris que fan \u00fas en general del valenci\u00e0 van estar un p\u00e8l \u2014una d\u00e8cima\u2014 per baix de la mitjana la legislatura passada, mentres que els que acostumen a usar \u00fanicament el castell\u00e0 van estar quasi tres punts per damunt de la mitjana. S\u00f3n dades poc satisfact\u00f2ries pel que fa a l&#8217;\u00fas normal \u2014i tamb\u00e9 simb\u00f2lic\u2014 del valenci\u00e0. <a href=\"https:\/\/www.dbalears.cat\/opinio\/opinio\/2022\/08\/04\/369691\/simbolic-llengua.html\" target=\"_blank\" rel=\"noopener\">&#x1f517;<\/a><br \/>\nL&#8217;augment del nombre de persones que disposen d&#8217;una titulaci\u00f3 de coneiximent de valenci\u00e0 \u00e9s un factor positiu, sobretot en els \u00e0mbits laborals, perqu\u00e8 facilita la disponibilitat de les administracions i les empreses davant de la ciutadania, per\u00f2 aix\u00f2 no genera un efecte directe i equivalent sobre l&#8217;\u00fas de la llengua. Les dades sobre la llengua que es parla a casa indicaven una evoluci\u00f3 negativa fins al 2023:<\/p>\n<ul>\n<li style=\"list-style-type: none;\">\n<ul>\n<li>1992 (44,1%)<\/li>\n<li>2005 (32,6%)<\/li>\n<li>2010 (28,8%)<\/li>\n<li>2015 (23,5%)<\/li>\n<li>2021 (19,5%)<\/li>\n<li>2023 (29%)<\/li>\n<\/ul>\n<\/li>\n<\/ul>\n<hr \/>\n<div class=\"nota\" align=\"right\">Dades: Bar\u00f2metre i enquestes de coneixement i \u00fas social del valenci\u00e0. Generalitat valenciana. <a href=\"https:\/\/ceice.gva.es\/va\/web\/dgplgm\/enquestes-situacio-valencia\" target=\"_blank\" rel=\"noopener\"><i class=\"fas fa-external-link-alt\" aria-label=\"Enquestes\"><\/i><\/a><\/div>\n<div id=\"vlc_acasa\" style=\"width: 100%; height: 100%;\"><\/div>\n<p>El rebot que s&#8217;observa en la dada del 2023 no \u00e9s previsible que es consolide com a tend\u00e8ncia positiva, ja que la pol\u00edtica ling\u00fc\u00edstica de la Generalitat per a esta legislatura \u2014amb govern del <span class=\"versaleta\">pp<\/span> i Vox\u2014 ha anunciat el retorn a ideologies i pr\u00e0ctiques contr\u00e0ries a l&#8217;\u00fas del valenci\u00e0.<\/p>\n","protected":false},"excerpt":{"rendered":"<p>Les dades del per\u00edode 2019-2023 sobre les lleng\u00fces m\u00e9s utilitzades pels parlamentaris en les intervencions en les Corts Valencianes es poden consultar en la fitxa corresponent, fitxa que d&#8217;ara en avant apareixer\u00e0 en el bloc Fitxes de Dubtes i Terminologia. El quadre comparatiu de les \u00faltimes cinc legislatures mant\u00e9 la continu\u00eftat en l&#8217;evoluci\u00f3 dels usos, [&hellip;]<\/p>\n","protected":false},"author":56,"featured_media":0,"comment_status":"open","ping_status":"open","sticky":false,"template":"","format":"standard","meta":{"footnotes":""},"categories":[47,27],"tags":[531,151],"class_list":["post-4424","post","type-post","status-publish","format-standard","hentry","category-planificacio","category-sociolinguistica","tag-corts-valencianes","tag-diputats-valencians"],"_links":{"self":[{"href":"https:\/\/www.cdlpv.org\/dtl\/wp-json\/wp\/v2\/posts\/4424","targetHints":{"allow":["GET"]}}],"collection":[{"href":"https:\/\/www.cdlpv.org\/dtl\/wp-json\/wp\/v2\/posts"}],"about":[{"href":"https:\/\/www.cdlpv.org\/dtl\/wp-json\/wp\/v2\/types\/post"}],"author":[{"embeddable":true,"href":"https:\/\/www.cdlpv.org\/dtl\/wp-json\/wp\/v2\/users\/56"}],"replies":[{"embeddable":true,"href":"https:\/\/www.cdlpv.org\/dtl\/wp-json\/wp\/v2\/comments?post=4424"}],"version-history":[{"count":23,"href":"https:\/\/www.cdlpv.org\/dtl\/wp-json\/wp\/v2\/posts\/4424\/revisions"}],"predecessor-version":[{"id":4548,"href":"https:\/\/www.cdlpv.org\/dtl\/wp-json\/wp\/v2\/posts\/4424\/revisions\/4548"}],"wp:attachment":[{"href":"https:\/\/www.cdlpv.org\/dtl\/wp-json\/wp\/v2\/media?parent=4424"}],"wp:term":[{"taxonomy":"category","embeddable":true,"href":"https:\/\/www.cdlpv.org\/dtl\/wp-json\/wp\/v2\/categories?post=4424"},{"taxonomy":"post_tag","embeddable":true,"href":"https:\/\/www.cdlpv.org\/dtl\/wp-json\/wp\/v2\/tags?post=4424"}],"curies":[{"name":"wp","href":"https:\/\/api.w.org\/{rel}","templated":true}]}}